{"id":1149,"date":"2021-07-30T09:59:41","date_gmt":"2021-07-30T12:59:41","guid":{"rendered":"https:\/\/sicflux.com.br\/blog\/?p=1149"},"modified":"2021-07-30T10:01:42","modified_gmt":"2021-07-30T13:01:42","slug":"qualidade-do-ar-deficiente-e-a-saude-do-trabalhador","status":"publish","type":"post","link":"https:\/\/sicflux.com.br\/blog\/qualidade-do-ar-deficiente-e-a-saude-do-trabalhador\/","title":{"rendered":"Qualidade do ar deficiente e a sa\u00fade do trabalhador"},"content":{"rendered":"<div id=\"ez-toc-container\" class=\"ez-toc-v2_0_69_1 counter-hierarchy ez-toc-counter ez-toc-custom ez-toc-container-direction\">\n<p class=\"ez-toc-title\" style=\"cursor:inherit\">\u00cdndice<\/p>\n<label for=\"ez-toc-cssicon-toggle-item-69f388de82a25\" class=\"ez-toc-cssicon-toggle-label\"><span class=\"\"><span class=\"eztoc-hide\" style=\"display:none;\">Toggle<\/span><span class=\"ez-toc-icon-toggle-span\"><svg style=\"fill: #999;color:#999\" xmlns=\"http:\/\/www.w3.org\/2000\/svg\" class=\"list-377408\" width=\"20px\" height=\"20px\" viewBox=\"0 0 24 24\" fill=\"none\"><path d=\"M6 6H4v2h2V6zm14 0H8v2h12V6zM4 11h2v2H4v-2zm16 0H8v2h12v-2zM4 16h2v2H4v-2zm16 0H8v2h12v-2z\" fill=\"currentColor\"><\/path><\/svg><svg style=\"fill: #999;color:#999\" class=\"arrow-unsorted-368013\" xmlns=\"http:\/\/www.w3.org\/2000\/svg\" width=\"10px\" height=\"10px\" viewBox=\"0 0 24 24\" version=\"1.2\" baseProfile=\"tiny\"><path d=\"M18.2 9.3l-6.2-6.3-6.2 6.3c-.2.2-.3.4-.3.7s.1.5.3.7c.2.2.4.3.7.3h11c.3 0 .5-.1.7-.3.2-.2.3-.5.3-.7s-.1-.5-.3-.7zM5.8 14.7l6.2 6.3 6.2-6.3c.2-.2.3-.5.3-.7s-.1-.5-.3-.7c-.2-.2-.4-.3-.7-.3h-11c-.3 0-.5.1-.7.3-.2.2-.3.5-.3.7s.1.5.3.7z\"\/><\/svg><\/span><\/span><\/label><input type=\"checkbox\"  id=\"ez-toc-cssicon-toggle-item-69f388de82a25\"  aria-label=\"Toggle\" \/><nav><ul class='ez-toc-list ez-toc-list-level-1 ' ><li class='ez-toc-page-1 ez-toc-heading-level-4'><a class=\"ez-toc-link ez-toc-heading-1\" href=\"https:\/\/sicflux.com.br\/blog\/qualidade-do-ar-deficiente-e-a-saude-do-trabalhador\/#Conforto_termico_X_Saude_do_trabalhador\" title=\"Conforto t\u00e9rmico X Sa\u00fade do trabalhador\">Conforto t\u00e9rmico X Sa\u00fade do trabalhador<\/a><\/li><li class='ez-toc-page-1 ez-toc-heading-level-4'><a class=\"ez-toc-link ez-toc-heading-2\" href=\"https:\/\/sicflux.com.br\/blog\/qualidade-do-ar-deficiente-e-a-saude-do-trabalhador\/#Qualidade_do_ar_no_ambiente_de_trabalho_%E2%80%93_uma_obrigacao_do_empregador\" title=\"Qualidade do ar no ambiente de trabalho \u2013 uma obriga\u00e7\u00e3o do empregador\">Qualidade do ar no ambiente de trabalho \u2013 uma obriga\u00e7\u00e3o do empregador<\/a><\/li><li class='ez-toc-page-1 ez-toc-heading-level-4'><a class=\"ez-toc-link ez-toc-heading-3\" href=\"https:\/\/sicflux.com.br\/blog\/qualidade-do-ar-deficiente-e-a-saude-do-trabalhador\/#Renovacao_de_ar_e_eficiencia_energetica\" title=\"Renova\u00e7\u00e3o de ar e efici\u00eancia energ\u00e9tica\">Renova\u00e7\u00e3o de ar e efici\u00eancia energ\u00e9tica<\/a><\/li><li class='ez-toc-page-1 ez-toc-heading-level-4'><a class=\"ez-toc-link ez-toc-heading-4\" href=\"https:\/\/sicflux.com.br\/blog\/qualidade-do-ar-deficiente-e-a-saude-do-trabalhador\/#Sistemas_de_ar_condicionado_e_a_lei_em_vigor_135892018\" title=\"Sistemas de ar condicionado e a lei em vigor 13.589\/2018\">Sistemas de ar condicionado e a lei em vigor 13.589\/2018<\/a><ul class='ez-toc-list-level-6' ><li class='ez-toc-heading-level-6'><ul class='ez-toc-list-level-6' ><li class='ez-toc-heading-level-6'><a class=\"ez-toc-link ez-toc-heading-5\" href=\"https:\/\/sicflux.com.br\/blog\/qualidade-do-ar-deficiente-e-a-saude-do-trabalhador\/#Este_conteudo_foi_uma_colaboracao_de\" title=\"Este conte\u00fado foi uma colabora\u00e7\u00e3o de:\">Este conte\u00fado foi uma colabora\u00e7\u00e3o de:<\/a><\/li><\/ul><\/li><\/ul><\/li><\/ul><\/nav><\/div>\n\n<figure class=\"wp-block-image size-large\"><img decoding=\"async\" width=\"1200\" height=\"527\" src=\"https:\/\/sicflux.com.br\/blog\/wp-content\/uploads\/2021\/07\/Links05-2.jpg\" alt=\"Qualidade do ar deficiente e a sa\u00fade do trabalhador \" class=\"wp-image-1151\" srcset=\"https:\/\/sicflux.com.br\/blog\/wp-content\/uploads\/2021\/07\/Links05-2.jpg 1200w, https:\/\/sicflux.com.br\/blog\/wp-content\/uploads\/2021\/07\/Links05-2-300x132.jpg 300w, https:\/\/sicflux.com.br\/blog\/wp-content\/uploads\/2021\/07\/Links05-2-768x337.jpg 768w\" sizes=\"(max-width: 1200px) 100vw, 1200px\" \/><figcaption>Qualidade do ar deficiente e a sa\u00fade do trabalhador<\/figcaption><\/figure>\n\n\n\n<p>Voc\u00ea j\u00e1 passou por um momento grande de estresse e alta jornada de trabalho que lhe causou dores de cabe\u00e7a, ou mesmo precisou se afastar por motivos maiores de sa\u00fade? Voc\u00ea sabia que, al\u00e9m desses fatores, a qualidade do ar deficiente tamb\u00e9m pode afetar a sa\u00fade do trabalhador?<\/p>\n\n\n\n<h4 class=\"wp-block-heading\"><span class=\"ez-toc-section\" id=\"Conforto_termico_X_Saude_do_trabalhador\"><\/span>Conforto t\u00e9rmico X Sa\u00fade do trabalhador<span class=\"ez-toc-section-end\"><\/span><\/h4>\n\n\n\n<figure class=\"wp-block-image size-large\"><img decoding=\"async\" width=\"1200\" height=\"527\" src=\"https:\/\/sicflux.com.br\/blog\/wp-content\/uploads\/2021\/07\/Links01-4.jpg\" alt=\"Qualidade do ar deficiente e a sa\u00fade do trabalhador \" class=\"wp-image-1152\" srcset=\"https:\/\/sicflux.com.br\/blog\/wp-content\/uploads\/2021\/07\/Links01-4.jpg 1200w, https:\/\/sicflux.com.br\/blog\/wp-content\/uploads\/2021\/07\/Links01-4-300x132.jpg 300w, https:\/\/sicflux.com.br\/blog\/wp-content\/uploads\/2021\/07\/Links01-4-768x337.jpg 768w\" sizes=\"(max-width: 1200px) 100vw, 1200px\" \/><\/figure>\n\n\n\n<p>N\u00e3o s\u00e3o s\u00f3 as pessoas e o ambiente colaborativo que faz um funcion\u00e1rio ter sa\u00fade e um bom desempenho no trabalho, o conforto t\u00e9rmico e a boa qualidade do ar tamb\u00e9m tem um papel fundamental nisso.<\/p>\n\n\n\n<p>Mas, para proporcionar uma boa qualidade do interno, \u00e9 preciso que os empregadores tomem atitudes importantes e urgentes.<\/p>\n\n\n\n<p>Segundo Eduardo Bertomeu, Engenheiro, consultor da Sicflux e presidente do DN Ventila\u00e7\u00e3o da ABRAVA, n\u00e3o s\u00f3 o absente\u00edsmo prejudica a empresa, mas o pr\u00f3prio colapso e paraliza\u00e7\u00e3o da mesma que pode ser ocasionado pela transmiss\u00e3o de doen\u00e7as em ambientes com renova\u00e7\u00e3o de ar e QAI deficiente.<br><br>Como sempre, ao analisar um t\u00f3pico como este precisamos mensurar o seu impacto com amplitude, considerando sobretudo o desempenho das pessoas e da pr\u00f3pria empresa.<\/p>\n\n\n\n<h4 class=\"wp-block-heading\"><span class=\"ez-toc-section\" id=\"Qualidade_do_ar_no_ambiente_de_trabalho_%E2%80%93_uma_obrigacao_do_empregador\"><\/span>Qualidade do ar no ambiente de trabalho \u2013 uma obriga\u00e7\u00e3o do empregador<span class=\"ez-toc-section-end\"><\/span><\/h4>\n\n\n\n<figure class=\"wp-block-image size-large\"><img decoding=\"async\" width=\"1200\" height=\"527\" src=\"https:\/\/sicflux.com.br\/blog\/wp-content\/uploads\/2021\/07\/Links03-3.jpg\" alt=\"Qualidade do ar deficiente e a sa\u00fade do trabalhador \" class=\"wp-image-1153\" srcset=\"https:\/\/sicflux.com.br\/blog\/wp-content\/uploads\/2021\/07\/Links03-3.jpg 1200w, https:\/\/sicflux.com.br\/blog\/wp-content\/uploads\/2021\/07\/Links03-3-300x132.jpg 300w, https:\/\/sicflux.com.br\/blog\/wp-content\/uploads\/2021\/07\/Links03-3-768x337.jpg 768w\" sizes=\"(max-width: 1200px) 100vw, 1200px\" \/><\/figure>\n\n\n\n<p>Muita gente n\u00e3o sabe, mas proporcionar&nbsp;<strong>conforto t\u00e9rmico<\/strong>&nbsp;no ambiente de trabalho n\u00e3o \u00e9 apenas uma op\u00e7\u00e3o para o empregador \u2013 \u00e9 uma obriga\u00e7\u00e3o. Nos artigos da Consolida\u00e7\u00e3o das Leis do Trabalho (CLT) que regulam o tema, mostra-se claramente a responsabilidade do empregador de oferecer condi\u00e7\u00f5es favor\u00e1veis aos trabalhadores.<\/p>\n\n\n\n<p>De acordo com o Artigo 176, os locais de trabalho devem ter ventila\u00e7\u00e3o natural compat\u00edvel com o servi\u00e7o realizado. E quando esta n\u00e3o for suficiente, torna-se necess\u00e1ria a ventila\u00e7\u00e3o artificial.<br><br>Segundo a\u00a0NR17,\u00a0do Minist\u00e9rio do Trabalho, a temperatura do ambiente de trabalho\u00a0onde s\u00e3o executadas atividades intelectuais como nos laborat\u00f3rios, escrit\u00f3rios, sala de desenvolvimento e projetos, deve ficar entre 20 e 23 graus cent\u00edgrados, com umidade relativa inferior a 40%. J\u00e1 a norma ISO 9241, estabelece que o ideal \u00e9 manter a temperatura entre 20 e 24 graus no ver\u00e3o e 23 e 26 no inverno, com umidade relativa entre 40% e 80%.<\/p>\n\n\n\n<h4 class=\"wp-block-heading\"><span class=\"ez-toc-section\" id=\"Renovacao_de_ar_e_eficiencia_energetica\"><\/span>Renova\u00e7\u00e3o de ar e efici\u00eancia energ\u00e9tica<span class=\"ez-toc-section-end\"><\/span><\/h4>\n\n\n\n<figure class=\"wp-block-image size-large\"><a href=\"https:\/\/qrcgcustomers.s3-eu-west-1.amazonaws.com\/account7065785\/15611385_1.pdf?0.3063469056630568\"><img decoding=\"async\" width=\"1200\" height=\"527\" src=\"https:\/\/sicflux.com.br\/blog\/wp-content\/uploads\/2021\/07\/Links06.jpg\" alt=\"\" class=\"wp-image-1157\" srcset=\"https:\/\/sicflux.com.br\/blog\/wp-content\/uploads\/2021\/07\/Links06.jpg 1200w, https:\/\/sicflux.com.br\/blog\/wp-content\/uploads\/2021\/07\/Links06-300x132.jpg 300w, https:\/\/sicflux.com.br\/blog\/wp-content\/uploads\/2021\/07\/Links06-768x337.jpg 768w\" sizes=\"(max-width: 1200px) 100vw, 1200px\" \/><\/a><\/figure>\n\n\n\n<p>Ainda segundo Eduardo Bertomeu, apesar dos benef\u00edcios evidentes, a renova\u00e7\u00e3o de ar atrav\u00e9s da inje\u00e7\u00e3o de ar externo nos ambientes, dependendo da \u00e9poca do ano, traz consigo a carga t\u00e9rmica proveniente do ar quente que deve ser dissipada pelo sistema de ar condicionado, consumindo energia. Para minimizar este aumento do consumo de energia e melhorar a efici\u00eancia do ar condicionado, podemos lan\u00e7ar m\u00e3o de in\u00fameros processos, como controle de n\u00edveis de CO2, recuperadores de calor, utiliza\u00e7\u00e3o dos limites da carta psicom\u00e9trica de conforto, free-cooling, entre outros recursos. <strong><\/strong><\/p>\n\n\n\n<p>Todavia, nem sempre isto significa aumento dos custos da empresa. Aqui vai uma provoca\u00e7\u00e3o: renova\u00e7\u00e3o de ar e a consequente melhoria da qualidade do ar interior (QAI) \u00e9 um custo inevit\u00e1vel ou pode ser um benef\u00edcio que incrementa o desempenho dos ocupantes do ambiente e da pr\u00f3pria empresa?<br><br>N\u00e3o podemos negligenciar os chamados custos ocultos que impactam no resultado da empresa decorrente de uma QAI insatisfat\u00f3ria, entre os quais podemos ressaltar o absente\u00edsmo causado por doen\u00e7as transmiss\u00edveis ou cr\u00f4nicas, decr\u00e9scimo da capacidade intelectual e o pr\u00f3prio \u00e2nimo das pessoas por habitar ambientes com renova\u00e7\u00e3o de ar deficiente.<strong><br><br><\/strong>Finalmente, n\u00e3o precisamos aumentar levianamente a renova\u00e7\u00e3o de ar e consumo de energia nas instala\u00e7\u00f5es, basta seguir as normas t\u00e9cnicas que tratam do tema.<\/p>\n\n\n\n<h4 class=\"wp-block-heading\"><span class=\"ez-toc-section\" id=\"Sistemas_de_ar_condicionado_e_a_lei_em_vigor_135892018\"><\/span>Sistemas de ar condicionado e a lei em vigor 13.589\/2018<span class=\"ez-toc-section-end\"><\/span><\/h4>\n\n\n\n<figure class=\"wp-block-image size-large\"><img decoding=\"async\" width=\"1200\" height=\"527\" src=\"https:\/\/sicflux.com.br\/blog\/wp-content\/uploads\/2021\/07\/Links02-3.jpg\" alt=\"Qualidade do ar deficiente e a sa\u00fade do trabalhador \" class=\"wp-image-1155\" srcset=\"https:\/\/sicflux.com.br\/blog\/wp-content\/uploads\/2021\/07\/Links02-3.jpg 1200w, https:\/\/sicflux.com.br\/blog\/wp-content\/uploads\/2021\/07\/Links02-3-300x132.jpg 300w, https:\/\/sicflux.com.br\/blog\/wp-content\/uploads\/2021\/07\/Links02-3-768x337.jpg 768w\" sizes=\"(max-width: 1200px) 100vw, 1200px\" \/><\/figure>\n\n\n\n<p>A Lei em vigor 13.589\/2018 determina que todos os edif\u00edcios \u2013 p\u00fablicos ou privados \u2013 s\u00e3o obrigados a realizar a manuten\u00e7\u00e3o de seus sistemas de ar condicionado, isso para novas e atuais instala\u00e7\u00f5es de ar condicionado. O objetivo \u00e9 garantir a boa qualidade do ar interior, considerando padr\u00f5es de temperatura, umidade, velocidade, taxa de renova\u00e7\u00e3o e grau de pureza do ar.<\/p>\n\n\n\n<p>A Lei tamb\u00e9m requisita que ambientes com ar condicionado tipo SPLIT tenham renova\u00e7\u00e3o de ar, onde deve ser adicionado um sistema composto de ventilador e filtros (Insuflador).<\/p>\n\n\n\n<p>Obedecer \u00e0 lei e cuidar da qualidade do ar em locais de trabalho \u00e9 o segredo para manter a produtividade, desempenho e a sa\u00fade do trabalhador. &nbsp;<\/p>\n\n\n\n<p>Como est\u00e1 a qualidade do ar da sua empresa?<br><br>A Sicflux oferece uma vasta linha de equipamentos para renova\u00e7\u00e3o de ar, que sozinho ou em conjunto com o ar condicionado, oferecem uma melhor <a href=\"https:\/\/sicflux.com.br\/blog\/qualidade-do-ar-em-ambiente-de-trabalho\/\">qualidade do ar para o seu local de trabalho.<\/a><\/p>\n\n\n\n<p><strong>FONTES<\/strong><br>&#8211; www.planalto.gov.br\/ccivil_03\/leis\/l6514.htm#:~:text=Do%20Conforto%20T%C3%A9rmico-,Art%20.,Art%20.<br>&#8211; www.guiatrabalhista.com.br\/legislacao\/nr\/nr17.htm<br>&#8211; https:\/\/qrcgcustomers.s3-eu-west-1.amazonaws.com\/account7065785\/15611385_1.pdf?0.3063469056630568<\/p>\n\n\n\n<p><a href=\"https:\/\/sicflux.minhalojanouol.com.br\/\">Acesse nossa loja virtual!<\/a><\/p>\n\n\n\n<div style=\"height:120px\" aria-hidden=\"true\" class=\"wp-block-spacer\"><\/div>\n\n\n\n<h6 class=\"wp-block-heading\"><span class=\"ez-toc-section\" id=\"Este_conteudo_foi_uma_colaboracao_de\"><\/span><strong>Este conte\u00fado foi uma colabora\u00e7\u00e3o de:<\/strong><span class=\"ez-toc-section-end\"><\/span><\/h6>\n\n\n\n<figure class=\"wp-block-image size-large is-resized\"><img decoding=\"async\" src=\"https:\/\/sicflux.com.br\/blog\/wp-content\/uploads\/2021\/07\/rodape-1-3.jpg\" alt=\"\" class=\"wp-image-1156\" width=\"531\" height=\"120\" srcset=\"https:\/\/sicflux.com.br\/blog\/wp-content\/uploads\/2021\/07\/rodape-1-3.jpg 1101w, https:\/\/sicflux.com.br\/blog\/wp-content\/uploads\/2021\/07\/rodape-1-3-300x68.jpg 300w, https:\/\/sicflux.com.br\/blog\/wp-content\/uploads\/2021\/07\/rodape-1-3-768x173.jpg 768w\" sizes=\"(max-width: 531px) 100vw, 531px\" \/><\/figure>\n","protected":false},"excerpt":{"rendered":"<p>Voc\u00ea j\u00e1 passou por um momento grande de estresse e alta jornada de trabalho que lhe causou dores de cabe\u00e7a, ou mesmo precisou se afastar por motivos maiores de sa\u00fade? Voc\u00ea sabia que, al\u00e9m desses&#8230;<\/p>\n","protected":false},"author":1,"featured_media":1151,"comment_status":"open","ping_status":"open","sticky":true,"template":"","format":"standard","meta":{"_acf_changed":false,"footnotes":""},"categories":[10],"tags":[],"class_list":["post-1149","post","type-post","status-publish","format-standard","has-post-thumbnail","hentry","category-qualidade-do-ar"],"acf":[],"yoast_head":"<!-- This site is optimized with the Yoast SEO plugin v24.0 - https:\/\/yoast.com\/wordpress\/plugins\/seo\/ -->\n<title>Qualidade do ar deficiente e a sa\u00fade do trabalhador - Sicflux<\/title>\n<meta name=\"description\" content=\"Cuidar da qualidade do ar em locais de trabalho \u00e9 o segredo para manter a produtividade, desempenho e a sa\u00fade do trabalhador.\" \/>\n<meta name=\"robots\" content=\"index, follow, max-snippet:-1, max-image-preview:large, max-video-preview:-1\" \/>\n<link rel=\"canonical\" href=\"https:\/\/sicflux.com.br\/blog\/qualidade-do-ar-deficiente-e-a-saude-do-trabalhador\/\" \/>\n<meta property=\"og:locale\" content=\"pt_BR\" \/>\n<meta property=\"og:type\" content=\"article\" \/>\n<meta property=\"og:title\" content=\"Qualidade do ar deficiente e a sa\u00fade do trabalhador - Sicflux\" \/>\n<meta property=\"og:description\" content=\"Cuidar da qualidade do ar em locais de trabalho \u00e9 o segredo para manter a produtividade, desempenho e a sa\u00fade do trabalhador.\" \/>\n<meta property=\"og:url\" content=\"https:\/\/sicflux.com.br\/blog\/qualidade-do-ar-deficiente-e-a-saude-do-trabalhador\/\" \/>\n<meta property=\"og:site_name\" content=\"Sicflux\" \/>\n<meta property=\"article:publisher\" content=\"https:\/\/www.facebook.com\/sicflux.profissional\/\" \/>\n<meta property=\"article:published_time\" content=\"2021-07-30T12:59:41+00:00\" \/>\n<meta property=\"article:modified_time\" content=\"2021-07-30T13:01:42+00:00\" \/>\n<meta property=\"og:image\" content=\"https:\/\/sicflux.com.br\/blog\/wp-content\/uploads\/2021\/07\/Links05-2.jpg\" \/>\n\t<meta property=\"og:image:width\" content=\"1200\" \/>\n\t<meta property=\"og:image:height\" content=\"527\" \/>\n\t<meta property=\"og:image:type\" content=\"image\/jpeg\" \/>\n<meta name=\"author\" content=\"Sicflux Brasil\" \/>\n<meta name=\"twitter:card\" content=\"summary_large_image\" \/>\n<meta name=\"twitter:label1\" content=\"Escrito por\" \/>\n\t<meta name=\"twitter:data1\" content=\"Sicflux Brasil\" \/>\n\t<meta name=\"twitter:label2\" content=\"Est. tempo de leitura\" \/>\n\t<meta name=\"twitter:data2\" content=\"5 minutos\" \/>\n<script type=\"application\/ld+json\" class=\"yoast-schema-graph\">{\"@context\":\"https:\/\/schema.org\",\"@graph\":[{\"@type\":\"Article\",\"@id\":\"https:\/\/sicflux.com.br\/blog\/qualidade-do-ar-deficiente-e-a-saude-do-trabalhador\/#article\",\"isPartOf\":{\"@id\":\"https:\/\/sicflux.com.br\/blog\/qualidade-do-ar-deficiente-e-a-saude-do-trabalhador\/\"},\"author\":{\"name\":\"Sicflux Brasil\",\"@id\":\"https:\/\/sicflux.com.br\/#\/schema\/person\/b0991863a2071fab9bb9cc7a546e04e0\"},\"headline\":\"Qualidade do ar deficiente e a sa\u00fade do trabalhador\",\"datePublished\":\"2021-07-30T12:59:41+00:00\",\"dateModified\":\"2021-07-30T13:01:42+00:00\",\"mainEntityOfPage\":{\"@id\":\"https:\/\/sicflux.com.br\/blog\/qualidade-do-ar-deficiente-e-a-saude-do-trabalhador\/\"},\"wordCount\":858,\"commentCount\":0,\"publisher\":{\"@id\":\"https:\/\/sicflux.com.br\/#organization\"},\"image\":{\"@id\":\"https:\/\/sicflux.com.br\/blog\/qualidade-do-ar-deficiente-e-a-saude-do-trabalhador\/#primaryimage\"},\"thumbnailUrl\":\"https:\/\/sicflux.com.br\/blog\/wp-content\/uploads\/2021\/07\/Links05-2.jpg\",\"articleSection\":[\"Qualidade do ar\"],\"inLanguage\":\"pt-BR\",\"potentialAction\":[{\"@type\":\"CommentAction\",\"name\":\"Comment\",\"target\":[\"https:\/\/sicflux.com.br\/blog\/qualidade-do-ar-deficiente-e-a-saude-do-trabalhador\/#respond\"]}]},{\"@type\":\"WebPage\",\"@id\":\"https:\/\/sicflux.com.br\/blog\/qualidade-do-ar-deficiente-e-a-saude-do-trabalhador\/\",\"url\":\"https:\/\/sicflux.com.br\/blog\/qualidade-do-ar-deficiente-e-a-saude-do-trabalhador\/\",\"name\":\"Qualidade do ar deficiente e a sa\u00fade do trabalhador - Sicflux\",\"isPartOf\":{\"@id\":\"https:\/\/sicflux.com.br\/#website\"},\"primaryImageOfPage\":{\"@id\":\"https:\/\/sicflux.com.br\/blog\/qualidade-do-ar-deficiente-e-a-saude-do-trabalhador\/#primaryimage\"},\"image\":{\"@id\":\"https:\/\/sicflux.com.br\/blog\/qualidade-do-ar-deficiente-e-a-saude-do-trabalhador\/#primaryimage\"},\"thumbnailUrl\":\"https:\/\/sicflux.com.br\/blog\/wp-content\/uploads\/2021\/07\/Links05-2.jpg\",\"datePublished\":\"2021-07-30T12:59:41+00:00\",\"dateModified\":\"2021-07-30T13:01:42+00:00\",\"description\":\"Cuidar da qualidade do ar em locais de trabalho \u00e9 o segredo para manter a produtividade, desempenho e a sa\u00fade do trabalhador.\",\"breadcrumb\":{\"@id\":\"https:\/\/sicflux.com.br\/blog\/qualidade-do-ar-deficiente-e-a-saude-do-trabalhador\/#breadcrumb\"},\"inLanguage\":\"pt-BR\",\"potentialAction\":[{\"@type\":\"ReadAction\",\"target\":[\"https:\/\/sicflux.com.br\/blog\/qualidade-do-ar-deficiente-e-a-saude-do-trabalhador\/\"]}]},{\"@type\":\"ImageObject\",\"inLanguage\":\"pt-BR\",\"@id\":\"https:\/\/sicflux.com.br\/blog\/qualidade-do-ar-deficiente-e-a-saude-do-trabalhador\/#primaryimage\",\"url\":\"https:\/\/sicflux.com.br\/blog\/wp-content\/uploads\/2021\/07\/Links05-2.jpg\",\"contentUrl\":\"https:\/\/sicflux.com.br\/blog\/wp-content\/uploads\/2021\/07\/Links05-2.jpg\",\"width\":1200,\"height\":527},{\"@type\":\"BreadcrumbList\",\"@id\":\"https:\/\/sicflux.com.br\/blog\/qualidade-do-ar-deficiente-e-a-saude-do-trabalhador\/#breadcrumb\",\"itemListElement\":[{\"@type\":\"ListItem\",\"position\":1,\"name\":\"In\u00edcio\",\"item\":\"https:\/\/sicflux.com.br\/\"},{\"@type\":\"ListItem\",\"position\":2,\"name\":\"Qualidade do ar deficiente e a sa\u00fade do trabalhador\"}]},{\"@type\":\"WebSite\",\"@id\":\"https:\/\/sicflux.com.br\/#website\",\"url\":\"https:\/\/sicflux.com.br\/\",\"name\":\"Sicflux Brasil\",\"description\":\"Ar em movimento\",\"publisher\":{\"@id\":\"https:\/\/sicflux.com.br\/#organization\"},\"alternateName\":\"Sicflux Brasil\",\"potentialAction\":[{\"@type\":\"SearchAction\",\"target\":{\"@type\":\"EntryPoint\",\"urlTemplate\":\"https:\/\/sicflux.com.br\/?s={search_term_string}\"},\"query-input\":{\"@type\":\"PropertyValueSpecification\",\"valueRequired\":true,\"valueName\":\"search_term_string\"}}],\"inLanguage\":\"pt-BR\"},{\"@type\":\"Organization\",\"@id\":\"https:\/\/sicflux.com.br\/#organization\",\"name\":\"Sicflux Brasil\",\"alternateName\":\"Sicflux Brasil\",\"url\":\"https:\/\/sicflux.com.br\/\",\"logo\":{\"@type\":\"ImageObject\",\"inLanguage\":\"pt-BR\",\"@id\":\"https:\/\/sicflux.com.br\/#\/schema\/logo\/image\/\",\"url\":\"https:\/\/sicflux.com.br\/blog\/wp-content\/uploads\/2019\/09\/logo-sicflux-1.png\",\"contentUrl\":\"https:\/\/sicflux.com.br\/blog\/wp-content\/uploads\/2019\/09\/logo-sicflux-1.png\",\"width\":600,\"height\":169,\"caption\":\"Sicflux Brasil\"},\"image\":{\"@id\":\"https:\/\/sicflux.com.br\/#\/schema\/logo\/image\/\"},\"sameAs\":[\"https:\/\/www.facebook.com\/sicflux.profissional\/\",\"https:\/\/www.instagram.com\/sicflux\/\",\"https:\/\/www.linkedin.com\/company\/sicflux\/\"]},{\"@type\":\"Person\",\"@id\":\"https:\/\/sicflux.com.br\/#\/schema\/person\/b0991863a2071fab9bb9cc7a546e04e0\",\"name\":\"Sicflux Brasil\",\"image\":{\"@type\":\"ImageObject\",\"inLanguage\":\"pt-BR\",\"@id\":\"https:\/\/sicflux.com.br\/#\/schema\/person\/image\/\",\"url\":\"https:\/\/secure.gravatar.com\/avatar\/27089a835d9c4ab26557590e093588b0?s=96&d=mm&r=g\",\"contentUrl\":\"https:\/\/secure.gravatar.com\/avatar\/27089a835d9c4ab26557590e093588b0?s=96&d=mm&r=g\",\"caption\":\"Sicflux Brasil\"}}]}<\/script>\n<!-- \/ Yoast SEO plugin. -->","yoast_head_json":{"title":"Qualidade do ar deficiente e a sa\u00fade do trabalhador - Sicflux","description":"Cuidar da qualidade do ar em locais de trabalho \u00e9 o segredo para manter a produtividade, desempenho e a sa\u00fade do trabalhador.","robots":{"index":"index","follow":"follow","max-snippet":"max-snippet:-1","max-image-preview":"max-image-preview:large","max-video-preview":"max-video-preview:-1"},"canonical":"https:\/\/sicflux.com.br\/blog\/qualidade-do-ar-deficiente-e-a-saude-do-trabalhador\/","og_locale":"pt_BR","og_type":"article","og_title":"Qualidade do ar deficiente e a sa\u00fade do trabalhador - Sicflux","og_description":"Cuidar da qualidade do ar em locais de trabalho \u00e9 o segredo para manter a produtividade, desempenho e a sa\u00fade do trabalhador.","og_url":"https:\/\/sicflux.com.br\/blog\/qualidade-do-ar-deficiente-e-a-saude-do-trabalhador\/","og_site_name":"Sicflux","article_publisher":"https:\/\/www.facebook.com\/sicflux.profissional\/","article_published_time":"2021-07-30T12:59:41+00:00","article_modified_time":"2021-07-30T13:01:42+00:00","og_image":[{"width":1200,"height":527,"url":"https:\/\/sicflux.com.br\/blog\/wp-content\/uploads\/2021\/07\/Links05-2.jpg","type":"image\/jpeg"}],"author":"Sicflux Brasil","twitter_card":"summary_large_image","twitter_misc":{"Escrito por":"Sicflux Brasil","Est. tempo de leitura":"5 minutos"},"schema":{"@context":"https:\/\/schema.org","@graph":[{"@type":"Article","@id":"https:\/\/sicflux.com.br\/blog\/qualidade-do-ar-deficiente-e-a-saude-do-trabalhador\/#article","isPartOf":{"@id":"https:\/\/sicflux.com.br\/blog\/qualidade-do-ar-deficiente-e-a-saude-do-trabalhador\/"},"author":{"name":"Sicflux Brasil","@id":"https:\/\/sicflux.com.br\/#\/schema\/person\/b0991863a2071fab9bb9cc7a546e04e0"},"headline":"Qualidade do ar deficiente e a sa\u00fade do trabalhador","datePublished":"2021-07-30T12:59:41+00:00","dateModified":"2021-07-30T13:01:42+00:00","mainEntityOfPage":{"@id":"https:\/\/sicflux.com.br\/blog\/qualidade-do-ar-deficiente-e-a-saude-do-trabalhador\/"},"wordCount":858,"commentCount":0,"publisher":{"@id":"https:\/\/sicflux.com.br\/#organization"},"image":{"@id":"https:\/\/sicflux.com.br\/blog\/qualidade-do-ar-deficiente-e-a-saude-do-trabalhador\/#primaryimage"},"thumbnailUrl":"https:\/\/sicflux.com.br\/blog\/wp-content\/uploads\/2021\/07\/Links05-2.jpg","articleSection":["Qualidade do ar"],"inLanguage":"pt-BR","potentialAction":[{"@type":"CommentAction","name":"Comment","target":["https:\/\/sicflux.com.br\/blog\/qualidade-do-ar-deficiente-e-a-saude-do-trabalhador\/#respond"]}]},{"@type":"WebPage","@id":"https:\/\/sicflux.com.br\/blog\/qualidade-do-ar-deficiente-e-a-saude-do-trabalhador\/","url":"https:\/\/sicflux.com.br\/blog\/qualidade-do-ar-deficiente-e-a-saude-do-trabalhador\/","name":"Qualidade do ar deficiente e a sa\u00fade do trabalhador - Sicflux","isPartOf":{"@id":"https:\/\/sicflux.com.br\/#website"},"primaryImageOfPage":{"@id":"https:\/\/sicflux.com.br\/blog\/qualidade-do-ar-deficiente-e-a-saude-do-trabalhador\/#primaryimage"},"image":{"@id":"https:\/\/sicflux.com.br\/blog\/qualidade-do-ar-deficiente-e-a-saude-do-trabalhador\/#primaryimage"},"thumbnailUrl":"https:\/\/sicflux.com.br\/blog\/wp-content\/uploads\/2021\/07\/Links05-2.jpg","datePublished":"2021-07-30T12:59:41+00:00","dateModified":"2021-07-30T13:01:42+00:00","description":"Cuidar da qualidade do ar em locais de trabalho \u00e9 o segredo para manter a produtividade, desempenho e a sa\u00fade do trabalhador.","breadcrumb":{"@id":"https:\/\/sicflux.com.br\/blog\/qualidade-do-ar-deficiente-e-a-saude-do-trabalhador\/#breadcrumb"},"inLanguage":"pt-BR","potentialAction":[{"@type":"ReadAction","target":["https:\/\/sicflux.com.br\/blog\/qualidade-do-ar-deficiente-e-a-saude-do-trabalhador\/"]}]},{"@type":"ImageObject","inLanguage":"pt-BR","@id":"https:\/\/sicflux.com.br\/blog\/qualidade-do-ar-deficiente-e-a-saude-do-trabalhador\/#primaryimage","url":"https:\/\/sicflux.com.br\/blog\/wp-content\/uploads\/2021\/07\/Links05-2.jpg","contentUrl":"https:\/\/sicflux.com.br\/blog\/wp-content\/uploads\/2021\/07\/Links05-2.jpg","width":1200,"height":527},{"@type":"BreadcrumbList","@id":"https:\/\/sicflux.com.br\/blog\/qualidade-do-ar-deficiente-e-a-saude-do-trabalhador\/#breadcrumb","itemListElement":[{"@type":"ListItem","position":1,"name":"In\u00edcio","item":"https:\/\/sicflux.com.br\/"},{"@type":"ListItem","position":2,"name":"Qualidade do ar deficiente e a sa\u00fade do trabalhador"}]},{"@type":"WebSite","@id":"https:\/\/sicflux.com.br\/#website","url":"https:\/\/sicflux.com.br\/","name":"Sicflux Brasil","description":"Ar em movimento","publisher":{"@id":"https:\/\/sicflux.com.br\/#organization"},"alternateName":"Sicflux Brasil","potentialAction":[{"@type":"SearchAction","target":{"@type":"EntryPoint","urlTemplate":"https:\/\/sicflux.com.br\/?s={search_term_string}"},"query-input":{"@type":"PropertyValueSpecification","valueRequired":true,"valueName":"search_term_string"}}],"inLanguage":"pt-BR"},{"@type":"Organization","@id":"https:\/\/sicflux.com.br\/#organization","name":"Sicflux Brasil","alternateName":"Sicflux Brasil","url":"https:\/\/sicflux.com.br\/","logo":{"@type":"ImageObject","inLanguage":"pt-BR","@id":"https:\/\/sicflux.com.br\/#\/schema\/logo\/image\/","url":"https:\/\/sicflux.com.br\/blog\/wp-content\/uploads\/2019\/09\/logo-sicflux-1.png","contentUrl":"https:\/\/sicflux.com.br\/blog\/wp-content\/uploads\/2019\/09\/logo-sicflux-1.png","width":600,"height":169,"caption":"Sicflux Brasil"},"image":{"@id":"https:\/\/sicflux.com.br\/#\/schema\/logo\/image\/"},"sameAs":["https:\/\/www.facebook.com\/sicflux.profissional\/","https:\/\/www.instagram.com\/sicflux\/","https:\/\/www.linkedin.com\/company\/sicflux\/"]},{"@type":"Person","@id":"https:\/\/sicflux.com.br\/#\/schema\/person\/b0991863a2071fab9bb9cc7a546e04e0","name":"Sicflux Brasil","image":{"@type":"ImageObject","inLanguage":"pt-BR","@id":"https:\/\/sicflux.com.br\/#\/schema\/person\/image\/","url":"https:\/\/secure.gravatar.com\/avatar\/27089a835d9c4ab26557590e093588b0?s=96&d=mm&r=g","contentUrl":"https:\/\/secure.gravatar.com\/avatar\/27089a835d9c4ab26557590e093588b0?s=96&d=mm&r=g","caption":"Sicflux Brasil"}}]}},"_links":{"self":[{"href":"https:\/\/sicflux.com.br\/blog\/wp-json\/wp\/v2\/posts\/1149","targetHints":{"allow":["GET"]}}],"collection":[{"href":"https:\/\/sicflux.com.br\/blog\/wp-json\/wp\/v2\/posts"}],"about":[{"href":"https:\/\/sicflux.com.br\/blog\/wp-json\/wp\/v2\/types\/post"}],"author":[{"embeddable":true,"href":"https:\/\/sicflux.com.br\/blog\/wp-json\/wp\/v2\/users\/1"}],"replies":[{"embeddable":true,"href":"https:\/\/sicflux.com.br\/blog\/wp-json\/wp\/v2\/comments?post=1149"}],"version-history":[{"count":0,"href":"https:\/\/sicflux.com.br\/blog\/wp-json\/wp\/v2\/posts\/1149\/revisions"}],"wp:featuredmedia":[{"embeddable":true,"href":"https:\/\/sicflux.com.br\/blog\/wp-json\/wp\/v2\/media\/1151"}],"wp:attachment":[{"href":"https:\/\/sicflux.com.br\/blog\/wp-json\/wp\/v2\/media?parent=1149"}],"wp:term":[{"taxonomy":"category","embeddable":true,"href":"https:\/\/sicflux.com.br\/blog\/wp-json\/wp\/v2\/categories?post=1149"},{"taxonomy":"post_tag","embeddable":true,"href":"https:\/\/sicflux.com.br\/blog\/wp-json\/wp\/v2\/tags?post=1149"}],"curies":[{"name":"wp","href":"https:\/\/api.w.org\/{rel}","templated":true}]}}