{"id":1352,"date":"2022-03-09T10:28:33","date_gmt":"2022-03-09T13:28:33","guid":{"rendered":"https:\/\/sicflux.com.br\/blog\/?p=1352"},"modified":"2024-10-11T10:41:38","modified_gmt":"2024-10-11T13:41:38","slug":"o-uso-do-ar-condicionado-e-seguro-na-pandemia","status":"publish","type":"post","link":"https:\/\/sicflux.com.br\/blog\/o-uso-do-ar-condicionado-e-seguro-na-pandemia\/","title":{"rendered":"O uso do ar condicionado \u00e9 seguro na pandemia?"},"content":{"rendered":"<div id=\"ez-toc-container\" class=\"ez-toc-v2_0_69_1 counter-hierarchy ez-toc-counter ez-toc-custom ez-toc-container-direction\">\n<p class=\"ez-toc-title\" style=\"cursor:inherit\">\u00cdndice<\/p>\n<label for=\"ez-toc-cssicon-toggle-item-69f39e521d8b9\" class=\"ez-toc-cssicon-toggle-label\"><span class=\"\"><span class=\"eztoc-hide\" style=\"display:none;\">Toggle<\/span><span class=\"ez-toc-icon-toggle-span\"><svg style=\"fill: #999;color:#999\" xmlns=\"http:\/\/www.w3.org\/2000\/svg\" class=\"list-377408\" width=\"20px\" height=\"20px\" viewBox=\"0 0 24 24\" fill=\"none\"><path d=\"M6 6H4v2h2V6zm14 0H8v2h12V6zM4 11h2v2H4v-2zm16 0H8v2h12v-2zM4 16h2v2H4v-2zm16 0H8v2h12v-2z\" fill=\"currentColor\"><\/path><\/svg><svg style=\"fill: #999;color:#999\" class=\"arrow-unsorted-368013\" xmlns=\"http:\/\/www.w3.org\/2000\/svg\" width=\"10px\" height=\"10px\" viewBox=\"0 0 24 24\" version=\"1.2\" baseProfile=\"tiny\"><path d=\"M18.2 9.3l-6.2-6.3-6.2 6.3c-.2.2-.3.4-.3.7s.1.5.3.7c.2.2.4.3.7.3h11c.3 0 .5-.1.7-.3.2-.2.3-.5.3-.7s-.1-.5-.3-.7zM5.8 14.7l6.2 6.3 6.2-6.3c.2-.2.3-.5.3-.7s-.1-.5-.3-.7c-.2-.2-.4-.3-.7-.3h-11c-.3 0-.5.1-.7.3-.2.2-.3.5-.3.7s.1.5.3.7z\"\/><\/svg><\/span><\/span><\/label><input type=\"checkbox\"  id=\"ez-toc-cssicon-toggle-item-69f39e521d8b9\"  aria-label=\"Toggle\" \/><nav><ul class='ez-toc-list ez-toc-list-level-1 ' ><li class='ez-toc-page-1 ez-toc-heading-level-4'><a class=\"ez-toc-link ez-toc-heading-1\" href=\"https:\/\/sicflux.com.br\/blog\/o-uso-do-ar-condicionado-e-seguro-na-pandemia\/#Como_utilizar_o_ar_condicionado_de_maneira_segura\" title=\"Como utilizar o ar condicionado de maneira segura?&nbsp;\">Como utilizar o ar condicionado de maneira segura?&nbsp;<\/a><\/li><\/ul><\/nav><\/div>\n\n<p>Tem coisa melhor que sentir uma sombra ou ar fresco tocando a pele naqueles dias mais quentes de ver\u00e3o? Nessas horas, aparelhos de ar condicionado acabam virando nosso maior aliado para espantar o calor quando n\u00e3o podemos estar ao ar livre. Mas ser\u00e1 que, com toda a comprova\u00e7\u00e3o de que ele contribui na propaga\u00e7\u00e3o do v\u00edrus, fazer o uso do ar condicionado \u00e9 seguro na pandemia?&nbsp;<\/p>\n\n\n\n<p>O maior risco de utilizar o ar condicionado em ambientes fechados em tempo de pandemia \u00e9 o fato do ar n\u00e3o estar sendo renovado &#8211; como acontece com o uso de ar condicionado do tipo SPLIT, por exemplo &#8211; que n\u00e3o conta com sistema de renova\u00e7\u00e3o do ar. Al\u00e9m disso, a falta de manuten\u00e7\u00e3o e limpeza dos aparelhos tamb\u00e9m influenciam nesse problema.&nbsp;<\/p>\n\n\n\n<h4 class=\"wp-block-heading\"><span class=\"ez-toc-section\" id=\"Como_utilizar_o_ar_condicionado_de_maneira_segura\"><\/span>Como utilizar o ar condicionado de maneira segura?&nbsp;<span class=\"ez-toc-section-end\"><\/span><\/h4>\n\n\n\n<p>\u00c9 importante deixar claro que os aparelhos de ar condicionado n\u00e3o s\u00e3o os vil\u00f5es da hist\u00f3ria, e sim o confinamento coletivo em ambientes com falta ou prec\u00e1ria renova\u00e7\u00e3o do ar.&nbsp;<\/p>\n\n\n\n<p>Para saber se o uso do ar condicionado \u00e9 seguro na pandemia, \u00e9 preciso avaliar se os cuidados necess\u00e1rios est\u00e3o sendo levados a s\u00e9rio.<br><br>A necessidade de ambientes climatizados se tornou imprescind\u00edvel para o funcionamento de diversos segmentos de atua\u00e7\u00e3o como hospitais, supermercados, farm\u00e1cias, consult\u00f3rios, entre outros. O uso de sistemas de climatiza\u00e7\u00e3o contribui para sa\u00fade, produtividade e garantia dos processos realizados em determinados ambientes, sendo assim, indispens\u00e1vel no dia a dia da sociedade.<\/p>\n\n\n\n<p>O n\u00e3o uso do ar condicionado tamb\u00e9m pode proporcionar sintomas ruins \u00e0s pessoas, tendo em vista que o calor pode causar uma sensa\u00e7\u00e3o de sufocamento, sonol\u00eancia e falta de produtividade.<\/p>\n\n\n\n<p>Segundo a ABRAVA, (Associa\u00e7\u00e3o Brasileira de Refrigera\u00e7\u00e3o, Ar Condicionado, Ventila\u00e7\u00e3o e Aquecimento) para contribuir para o funcionamento de um ambiente com mais seguran\u00e7a, controle do cont\u00e1gio por meio do v\u00edrus, e, principalmente, garantir uma qualidade do ar adequada em favor da sa\u00fade das pessoas, s\u00e3o necess\u00e1rios quatro itens, s\u00e3o eles:&nbsp;<\/p>\n\n\n\n<p>1- Renova\u00e7\u00e3o do Ar \u2013 a\u00e7\u00e3o que garante a ventila\u00e7\u00e3o e circula\u00e7\u00e3o do ar, al\u00e9m da dilui\u00e7\u00e3o do ar no interior do ambiente, desta forma n\u00e3o permitindo a concentra\u00e7\u00e3o de poluentes, fator que provoca agravos \u00e0 sa\u00fade dos ocupantes;<br>2- Filtragem \u2013 a\u00e7\u00e3o que tem por objetivo reter part\u00edculas e micro got\u00edculas, que podem carregar poluentes ou microrganismos como o Covid-19;<br>3- Controle de temperatura e umidade \u2013 fatores de necessidade f\u00edsica que contribuem com a sa\u00fade das pessoas, assim como, tamb\u00e9m podem inibir a prolifera\u00e7\u00e3o de determinados organismos como o Covid-19;<br>4- Monitoramento da qualidade do ar \u2013 &nbsp; manter o n\u00edvel de CO2 (di\u00f3xido de carbono) dentro dos \u00edndices determinados para ambientes \u00e9 uma das formas de garantia da qualidade do ar respirado em ambientes.<\/p>\n\n\n\n<p>Em suma, o uso do ar condicionado na pandemia, desde que esteja com as manuten\u00e7\u00f5es em dia e trabalhando junto com outros sistemas que ofere\u00e7am a filtragem e renova\u00e7\u00e3o do ar interno, \u00e9 seguro. Vale lembrar que esse cuidado deve ser n\u00e3o s\u00f3 em tempos de pandemia, mas sim como um meio de cuidar da sa\u00fade e evitar que novos v\u00edrus apare\u00e7am. Nesse sentido, intensificar servi\u00e7os de manuten\u00e7\u00e3o preventiva conforme indicado no PMOC \u2013 Plano de Opera\u00e7\u00e3o, Manuten\u00e7\u00e3o e Controle \u00e9 primordial.&nbsp;<\/p>\n\n\n\n<p>De nada adianta ter um bom sistema de ar condicionado se o ar polu\u00eddo fica apenas circulando dentro do ambiente. Apostar em um sistema de insufladores de ar pode colaborar para a melhora na qualidade do ar de ambientes fechados. De modo geral, os insufladores s\u00e3o aparelhos indicados para a elimina\u00e7\u00e3o de odores e impurezas de \u00e1reas com pouca ou nenhuma ventila\u00e7\u00e3o. Portanto, trabalham na filtra\u00e7\u00e3o do ar polu\u00eddo que vem de fora antes de inseri-lo no ambiente. Desta forma, \u00e9 poss\u00edvel manter um ambiente fechado com ar uniforme e de qualidade.<\/p>\n\n\n\n<p>A Sicflux tem o prop\u00f3sito de cuidar da sua sa\u00fade, das pessoas e das pr\u00f3ximas gera\u00e7\u00f5es atrav\u00e9s da qualidade do ar interno. Por isso, conta com uma equipe de profissionais altamente qualificada para entregar as melhores solu\u00e7\u00f5es em renova\u00e7\u00e3o de ar para ambientes internos. Entre em contato com um de nossos especialistas.&nbsp;<\/p>\n\n\n\n<p><strong>FONTE:<\/strong><br><a href=\"https:\/\/abrava.com.br\/\">https:\/\/abrava.com.br\/<\/a><\/p>\n\n\n\n<div style=\"height:125px\" aria-hidden=\"true\" class=\"wp-block-spacer\"><\/div>\n\n\n\n<p><strong>Este conte\u00fado foi uma colabora\u00e7\u00e3o de:<\/strong><\/p>\n\n\n\n<figure class=\"wp-block-image size-large is-resized\"><img decoding=\"async\" src=\"https:\/\/sicflux.com.br\/blog\/wp-content\/uploads\/2022\/03\/rodape-1.jpg\" alt=\"\" class=\"wp-image-1357\" width=\"460\" height=\"103\" srcset=\"https:\/\/sicflux.com.br\/blog\/wp-content\/uploads\/2022\/03\/rodape-1.jpg 1101w, https:\/\/sicflux.com.br\/blog\/wp-content\/uploads\/2022\/03\/rodape-1-300x68.jpg 300w, https:\/\/sicflux.com.br\/blog\/wp-content\/uploads\/2022\/03\/rodape-1-768x173.jpg 768w\" sizes=\"(max-width: 460px) 100vw, 460px\" \/><\/figure>\n","protected":false},"excerpt":{"rendered":"<p>Tem coisa melhor que sentir uma sombra ou ar fresco tocando a pele naqueles dias mais quentes de ver\u00e3o? Nessas horas, aparelhos de ar condicionado acabam virando nosso maior aliado para espantar o calor quando&#8230;<\/p>\n","protected":false},"author":1,"featured_media":0,"comment_status":"open","ping_status":"open","sticky":true,"template":"","format":"standard","meta":{"_acf_changed":false,"footnotes":""},"categories":[10],"tags":[],"class_list":["post-1352","post","type-post","status-publish","format-standard","hentry","category-qualidade-do-ar"],"acf":[],"yoast_head":"<!-- This site is optimized with the Yoast SEO plugin v24.0 - https:\/\/yoast.com\/wordpress\/plugins\/seo\/ -->\n<title>O uso do ar condicionado \u00e9 seguro na pandemia? - Sicflux<\/title>\n<meta name=\"description\" content=\"Para saber se o uso do ar condicionado \u00e9 seguro na pandemia, \u00e9 preciso avaliar se os cuidados necess\u00e1rios est\u00e3o sendo levados a s\u00e9rio.\" \/>\n<meta name=\"robots\" content=\"index, follow, max-snippet:-1, max-image-preview:large, max-video-preview:-1\" \/>\n<link rel=\"canonical\" href=\"https:\/\/sicflux.com.br\/blog\/o-uso-do-ar-condicionado-e-seguro-na-pandemia\/\" \/>\n<meta property=\"og:locale\" content=\"pt_BR\" \/>\n<meta property=\"og:type\" content=\"article\" \/>\n<meta property=\"og:title\" content=\"O uso do ar condicionado \u00e9 seguro na pandemia? - Sicflux\" \/>\n<meta property=\"og:description\" content=\"Para saber se o uso do ar condicionado \u00e9 seguro na pandemia, \u00e9 preciso avaliar se os cuidados necess\u00e1rios est\u00e3o sendo levados a s\u00e9rio.\" \/>\n<meta property=\"og:url\" content=\"https:\/\/sicflux.com.br\/blog\/o-uso-do-ar-condicionado-e-seguro-na-pandemia\/\" \/>\n<meta property=\"og:site_name\" content=\"Sicflux\" \/>\n<meta property=\"article:publisher\" content=\"https:\/\/www.facebook.com\/sicflux.profissional\/\" \/>\n<meta property=\"article:published_time\" content=\"2022-03-09T13:28:33+00:00\" \/>\n<meta property=\"article:modified_time\" content=\"2024-10-11T13:41:38+00:00\" \/>\n<meta property=\"og:image\" content=\"https:\/\/sicflux.com.br\/blog\/wp-content\/uploads\/2022\/03\/rodape-1.jpg\" \/>\n<meta name=\"author\" content=\"Sicflux Brasil\" \/>\n<meta name=\"twitter:card\" content=\"summary_large_image\" \/>\n<meta name=\"twitter:label1\" content=\"Escrito por\" \/>\n\t<meta name=\"twitter:data1\" content=\"Sicflux Brasil\" \/>\n\t<meta name=\"twitter:label2\" content=\"Est. tempo de leitura\" \/>\n\t<meta name=\"twitter:data2\" content=\"4 minutos\" \/>\n<script type=\"application\/ld+json\" class=\"yoast-schema-graph\">{\"@context\":\"https:\/\/schema.org\",\"@graph\":[{\"@type\":\"Article\",\"@id\":\"https:\/\/sicflux.com.br\/blog\/o-uso-do-ar-condicionado-e-seguro-na-pandemia\/#article\",\"isPartOf\":{\"@id\":\"https:\/\/sicflux.com.br\/blog\/o-uso-do-ar-condicionado-e-seguro-na-pandemia\/\"},\"author\":{\"name\":\"Sicflux Brasil\",\"@id\":\"https:\/\/sicflux.com.br\/#\/schema\/person\/b0991863a2071fab9bb9cc7a546e04e0\"},\"headline\":\"O uso do ar condicionado \u00e9 seguro na pandemia?\",\"datePublished\":\"2022-03-09T13:28:33+00:00\",\"dateModified\":\"2024-10-11T13:41:38+00:00\",\"mainEntityOfPage\":{\"@id\":\"https:\/\/sicflux.com.br\/blog\/o-uso-do-ar-condicionado-e-seguro-na-pandemia\/\"},\"wordCount\":770,\"commentCount\":0,\"publisher\":{\"@id\":\"https:\/\/sicflux.com.br\/#organization\"},\"image\":{\"@id\":\"https:\/\/sicflux.com.br\/blog\/o-uso-do-ar-condicionado-e-seguro-na-pandemia\/#primaryimage\"},\"thumbnailUrl\":\"https:\/\/sicflux.com.br\/blog\/wp-content\/uploads\/2022\/03\/rodape-1.jpg\",\"articleSection\":[\"Qualidade do ar\"],\"inLanguage\":\"pt-BR\",\"potentialAction\":[{\"@type\":\"CommentAction\",\"name\":\"Comment\",\"target\":[\"https:\/\/sicflux.com.br\/blog\/o-uso-do-ar-condicionado-e-seguro-na-pandemia\/#respond\"]}]},{\"@type\":\"WebPage\",\"@id\":\"https:\/\/sicflux.com.br\/blog\/o-uso-do-ar-condicionado-e-seguro-na-pandemia\/\",\"url\":\"https:\/\/sicflux.com.br\/blog\/o-uso-do-ar-condicionado-e-seguro-na-pandemia\/\",\"name\":\"O uso do ar condicionado \u00e9 seguro na pandemia? - Sicflux\",\"isPartOf\":{\"@id\":\"https:\/\/sicflux.com.br\/#website\"},\"primaryImageOfPage\":{\"@id\":\"https:\/\/sicflux.com.br\/blog\/o-uso-do-ar-condicionado-e-seguro-na-pandemia\/#primaryimage\"},\"image\":{\"@id\":\"https:\/\/sicflux.com.br\/blog\/o-uso-do-ar-condicionado-e-seguro-na-pandemia\/#primaryimage\"},\"thumbnailUrl\":\"https:\/\/sicflux.com.br\/blog\/wp-content\/uploads\/2022\/03\/rodape-1.jpg\",\"datePublished\":\"2022-03-09T13:28:33+00:00\",\"dateModified\":\"2024-10-11T13:41:38+00:00\",\"description\":\"Para saber se o uso do ar condicionado \u00e9 seguro na pandemia, \u00e9 preciso avaliar se os cuidados necess\u00e1rios est\u00e3o sendo levados a s\u00e9rio.\",\"breadcrumb\":{\"@id\":\"https:\/\/sicflux.com.br\/blog\/o-uso-do-ar-condicionado-e-seguro-na-pandemia\/#breadcrumb\"},\"inLanguage\":\"pt-BR\",\"potentialAction\":[{\"@type\":\"ReadAction\",\"target\":[\"https:\/\/sicflux.com.br\/blog\/o-uso-do-ar-condicionado-e-seguro-na-pandemia\/\"]}]},{\"@type\":\"ImageObject\",\"inLanguage\":\"pt-BR\",\"@id\":\"https:\/\/sicflux.com.br\/blog\/o-uso-do-ar-condicionado-e-seguro-na-pandemia\/#primaryimage\",\"url\":\"https:\/\/sicflux.com.br\/blog\/wp-content\/uploads\/2022\/03\/rodape-1.jpg\",\"contentUrl\":\"https:\/\/sicflux.com.br\/blog\/wp-content\/uploads\/2022\/03\/rodape-1.jpg\",\"width\":1101,\"height\":248},{\"@type\":\"BreadcrumbList\",\"@id\":\"https:\/\/sicflux.com.br\/blog\/o-uso-do-ar-condicionado-e-seguro-na-pandemia\/#breadcrumb\",\"itemListElement\":[{\"@type\":\"ListItem\",\"position\":1,\"name\":\"In\u00edcio\",\"item\":\"https:\/\/sicflux.com.br\/\"},{\"@type\":\"ListItem\",\"position\":2,\"name\":\"O uso do ar condicionado \u00e9 seguro na pandemia?\"}]},{\"@type\":\"WebSite\",\"@id\":\"https:\/\/sicflux.com.br\/#website\",\"url\":\"https:\/\/sicflux.com.br\/\",\"name\":\"Sicflux Brasil\",\"description\":\"Ar em movimento\",\"publisher\":{\"@id\":\"https:\/\/sicflux.com.br\/#organization\"},\"alternateName\":\"Sicflux Brasil\",\"potentialAction\":[{\"@type\":\"SearchAction\",\"target\":{\"@type\":\"EntryPoint\",\"urlTemplate\":\"https:\/\/sicflux.com.br\/?s={search_term_string}\"},\"query-input\":{\"@type\":\"PropertyValueSpecification\",\"valueRequired\":true,\"valueName\":\"search_term_string\"}}],\"inLanguage\":\"pt-BR\"},{\"@type\":\"Organization\",\"@id\":\"https:\/\/sicflux.com.br\/#organization\",\"name\":\"Sicflux Brasil\",\"alternateName\":\"Sicflux Brasil\",\"url\":\"https:\/\/sicflux.com.br\/\",\"logo\":{\"@type\":\"ImageObject\",\"inLanguage\":\"pt-BR\",\"@id\":\"https:\/\/sicflux.com.br\/#\/schema\/logo\/image\/\",\"url\":\"https:\/\/sicflux.com.br\/blog\/wp-content\/uploads\/2019\/09\/logo-sicflux-1.png\",\"contentUrl\":\"https:\/\/sicflux.com.br\/blog\/wp-content\/uploads\/2019\/09\/logo-sicflux-1.png\",\"width\":600,\"height\":169,\"caption\":\"Sicflux Brasil\"},\"image\":{\"@id\":\"https:\/\/sicflux.com.br\/#\/schema\/logo\/image\/\"},\"sameAs\":[\"https:\/\/www.facebook.com\/sicflux.profissional\/\",\"https:\/\/www.instagram.com\/sicflux\/\",\"https:\/\/www.linkedin.com\/company\/sicflux\/\"]},{\"@type\":\"Person\",\"@id\":\"https:\/\/sicflux.com.br\/#\/schema\/person\/b0991863a2071fab9bb9cc7a546e04e0\",\"name\":\"Sicflux Brasil\",\"image\":{\"@type\":\"ImageObject\",\"inLanguage\":\"pt-BR\",\"@id\":\"https:\/\/sicflux.com.br\/#\/schema\/person\/image\/\",\"url\":\"https:\/\/secure.gravatar.com\/avatar\/27089a835d9c4ab26557590e093588b0?s=96&d=mm&r=g\",\"contentUrl\":\"https:\/\/secure.gravatar.com\/avatar\/27089a835d9c4ab26557590e093588b0?s=96&d=mm&r=g\",\"caption\":\"Sicflux Brasil\"}}]}<\/script>\n<!-- \/ Yoast SEO plugin. -->","yoast_head_json":{"title":"O uso do ar condicionado \u00e9 seguro na pandemia? - Sicflux","description":"Para saber se o uso do ar condicionado \u00e9 seguro na pandemia, \u00e9 preciso avaliar se os cuidados necess\u00e1rios est\u00e3o sendo levados a s\u00e9rio.","robots":{"index":"index","follow":"follow","max-snippet":"max-snippet:-1","max-image-preview":"max-image-preview:large","max-video-preview":"max-video-preview:-1"},"canonical":"https:\/\/sicflux.com.br\/blog\/o-uso-do-ar-condicionado-e-seguro-na-pandemia\/","og_locale":"pt_BR","og_type":"article","og_title":"O uso do ar condicionado \u00e9 seguro na pandemia? - Sicflux","og_description":"Para saber se o uso do ar condicionado \u00e9 seguro na pandemia, \u00e9 preciso avaliar se os cuidados necess\u00e1rios est\u00e3o sendo levados a s\u00e9rio.","og_url":"https:\/\/sicflux.com.br\/blog\/o-uso-do-ar-condicionado-e-seguro-na-pandemia\/","og_site_name":"Sicflux","article_publisher":"https:\/\/www.facebook.com\/sicflux.profissional\/","article_published_time":"2022-03-09T13:28:33+00:00","article_modified_time":"2024-10-11T13:41:38+00:00","og_image":[{"url":"https:\/\/sicflux.com.br\/blog\/wp-content\/uploads\/2022\/03\/rodape-1.jpg","type":"","width":"","height":""}],"author":"Sicflux Brasil","twitter_card":"summary_large_image","twitter_misc":{"Escrito por":"Sicflux Brasil","Est. tempo de leitura":"4 minutos"},"schema":{"@context":"https:\/\/schema.org","@graph":[{"@type":"Article","@id":"https:\/\/sicflux.com.br\/blog\/o-uso-do-ar-condicionado-e-seguro-na-pandemia\/#article","isPartOf":{"@id":"https:\/\/sicflux.com.br\/blog\/o-uso-do-ar-condicionado-e-seguro-na-pandemia\/"},"author":{"name":"Sicflux Brasil","@id":"https:\/\/sicflux.com.br\/#\/schema\/person\/b0991863a2071fab9bb9cc7a546e04e0"},"headline":"O uso do ar condicionado \u00e9 seguro na pandemia?","datePublished":"2022-03-09T13:28:33+00:00","dateModified":"2024-10-11T13:41:38+00:00","mainEntityOfPage":{"@id":"https:\/\/sicflux.com.br\/blog\/o-uso-do-ar-condicionado-e-seguro-na-pandemia\/"},"wordCount":770,"commentCount":0,"publisher":{"@id":"https:\/\/sicflux.com.br\/#organization"},"image":{"@id":"https:\/\/sicflux.com.br\/blog\/o-uso-do-ar-condicionado-e-seguro-na-pandemia\/#primaryimage"},"thumbnailUrl":"https:\/\/sicflux.com.br\/blog\/wp-content\/uploads\/2022\/03\/rodape-1.jpg","articleSection":["Qualidade do ar"],"inLanguage":"pt-BR","potentialAction":[{"@type":"CommentAction","name":"Comment","target":["https:\/\/sicflux.com.br\/blog\/o-uso-do-ar-condicionado-e-seguro-na-pandemia\/#respond"]}]},{"@type":"WebPage","@id":"https:\/\/sicflux.com.br\/blog\/o-uso-do-ar-condicionado-e-seguro-na-pandemia\/","url":"https:\/\/sicflux.com.br\/blog\/o-uso-do-ar-condicionado-e-seguro-na-pandemia\/","name":"O uso do ar condicionado \u00e9 seguro na pandemia? - Sicflux","isPartOf":{"@id":"https:\/\/sicflux.com.br\/#website"},"primaryImageOfPage":{"@id":"https:\/\/sicflux.com.br\/blog\/o-uso-do-ar-condicionado-e-seguro-na-pandemia\/#primaryimage"},"image":{"@id":"https:\/\/sicflux.com.br\/blog\/o-uso-do-ar-condicionado-e-seguro-na-pandemia\/#primaryimage"},"thumbnailUrl":"https:\/\/sicflux.com.br\/blog\/wp-content\/uploads\/2022\/03\/rodape-1.jpg","datePublished":"2022-03-09T13:28:33+00:00","dateModified":"2024-10-11T13:41:38+00:00","description":"Para saber se o uso do ar condicionado \u00e9 seguro na pandemia, \u00e9 preciso avaliar se os cuidados necess\u00e1rios est\u00e3o sendo levados a s\u00e9rio.","breadcrumb":{"@id":"https:\/\/sicflux.com.br\/blog\/o-uso-do-ar-condicionado-e-seguro-na-pandemia\/#breadcrumb"},"inLanguage":"pt-BR","potentialAction":[{"@type":"ReadAction","target":["https:\/\/sicflux.com.br\/blog\/o-uso-do-ar-condicionado-e-seguro-na-pandemia\/"]}]},{"@type":"ImageObject","inLanguage":"pt-BR","@id":"https:\/\/sicflux.com.br\/blog\/o-uso-do-ar-condicionado-e-seguro-na-pandemia\/#primaryimage","url":"https:\/\/sicflux.com.br\/blog\/wp-content\/uploads\/2022\/03\/rodape-1.jpg","contentUrl":"https:\/\/sicflux.com.br\/blog\/wp-content\/uploads\/2022\/03\/rodape-1.jpg","width":1101,"height":248},{"@type":"BreadcrumbList","@id":"https:\/\/sicflux.com.br\/blog\/o-uso-do-ar-condicionado-e-seguro-na-pandemia\/#breadcrumb","itemListElement":[{"@type":"ListItem","position":1,"name":"In\u00edcio","item":"https:\/\/sicflux.com.br\/"},{"@type":"ListItem","position":2,"name":"O uso do ar condicionado \u00e9 seguro na pandemia?"}]},{"@type":"WebSite","@id":"https:\/\/sicflux.com.br\/#website","url":"https:\/\/sicflux.com.br\/","name":"Sicflux Brasil","description":"Ar em movimento","publisher":{"@id":"https:\/\/sicflux.com.br\/#organization"},"alternateName":"Sicflux Brasil","potentialAction":[{"@type":"SearchAction","target":{"@type":"EntryPoint","urlTemplate":"https:\/\/sicflux.com.br\/?s={search_term_string}"},"query-input":{"@type":"PropertyValueSpecification","valueRequired":true,"valueName":"search_term_string"}}],"inLanguage":"pt-BR"},{"@type":"Organization","@id":"https:\/\/sicflux.com.br\/#organization","name":"Sicflux Brasil","alternateName":"Sicflux Brasil","url":"https:\/\/sicflux.com.br\/","logo":{"@type":"ImageObject","inLanguage":"pt-BR","@id":"https:\/\/sicflux.com.br\/#\/schema\/logo\/image\/","url":"https:\/\/sicflux.com.br\/blog\/wp-content\/uploads\/2019\/09\/logo-sicflux-1.png","contentUrl":"https:\/\/sicflux.com.br\/blog\/wp-content\/uploads\/2019\/09\/logo-sicflux-1.png","width":600,"height":169,"caption":"Sicflux Brasil"},"image":{"@id":"https:\/\/sicflux.com.br\/#\/schema\/logo\/image\/"},"sameAs":["https:\/\/www.facebook.com\/sicflux.profissional\/","https:\/\/www.instagram.com\/sicflux\/","https:\/\/www.linkedin.com\/company\/sicflux\/"]},{"@type":"Person","@id":"https:\/\/sicflux.com.br\/#\/schema\/person\/b0991863a2071fab9bb9cc7a546e04e0","name":"Sicflux Brasil","image":{"@type":"ImageObject","inLanguage":"pt-BR","@id":"https:\/\/sicflux.com.br\/#\/schema\/person\/image\/","url":"https:\/\/secure.gravatar.com\/avatar\/27089a835d9c4ab26557590e093588b0?s=96&d=mm&r=g","contentUrl":"https:\/\/secure.gravatar.com\/avatar\/27089a835d9c4ab26557590e093588b0?s=96&d=mm&r=g","caption":"Sicflux Brasil"}}]}},"_links":{"self":[{"href":"https:\/\/sicflux.com.br\/blog\/wp-json\/wp\/v2\/posts\/1352","targetHints":{"allow":["GET"]}}],"collection":[{"href":"https:\/\/sicflux.com.br\/blog\/wp-json\/wp\/v2\/posts"}],"about":[{"href":"https:\/\/sicflux.com.br\/blog\/wp-json\/wp\/v2\/types\/post"}],"author":[{"embeddable":true,"href":"https:\/\/sicflux.com.br\/blog\/wp-json\/wp\/v2\/users\/1"}],"replies":[{"embeddable":true,"href":"https:\/\/sicflux.com.br\/blog\/wp-json\/wp\/v2\/comments?post=1352"}],"version-history":[{"count":0,"href":"https:\/\/sicflux.com.br\/blog\/wp-json\/wp\/v2\/posts\/1352\/revisions"}],"wp:attachment":[{"href":"https:\/\/sicflux.com.br\/blog\/wp-json\/wp\/v2\/media?parent=1352"}],"wp:term":[{"taxonomy":"category","embeddable":true,"href":"https:\/\/sicflux.com.br\/blog\/wp-json\/wp\/v2\/categories?post=1352"},{"taxonomy":"post_tag","embeddable":true,"href":"https:\/\/sicflux.com.br\/blog\/wp-json\/wp\/v2\/tags?post=1352"}],"curies":[{"name":"wp","href":"https:\/\/api.w.org\/{rel}","templated":true}]}}