{"id":1393,"date":"2022-04-13T11:40:56","date_gmt":"2022-04-13T14:40:56","guid":{"rendered":"https:\/\/sicflux.com.br\/blog\/?p=1393"},"modified":"2024-10-11T10:15:21","modified_gmt":"2024-10-11T13:15:21","slug":"oms-alerta-99-da-populacao-mundial-respira-ar-poluido","status":"publish","type":"post","link":"https:\/\/sicflux.com.br\/blog\/oms-alerta-99-da-populacao-mundial-respira-ar-poluido\/","title":{"rendered":"OMS alerta: 99% da popula\u00e7\u00e3o mundial respira ar polu\u00eddo"},"content":{"rendered":"<div id=\"ez-toc-container\" class=\"ez-toc-v2_0_69_1 counter-hierarchy ez-toc-counter ez-toc-custom ez-toc-container-direction\">\n<p class=\"ez-toc-title\" style=\"cursor:inherit\">\u00cdndice<\/p>\n<label for=\"ez-toc-cssicon-toggle-item-69f5af59b44e1\" class=\"ez-toc-cssicon-toggle-label\"><span class=\"\"><span class=\"eztoc-hide\" style=\"display:none;\">Toggle<\/span><span class=\"ez-toc-icon-toggle-span\"><svg style=\"fill: #999;color:#999\" xmlns=\"http:\/\/www.w3.org\/2000\/svg\" class=\"list-377408\" width=\"20px\" height=\"20px\" viewBox=\"0 0 24 24\" fill=\"none\"><path d=\"M6 6H4v2h2V6zm14 0H8v2h12V6zM4 11h2v2H4v-2zm16 0H8v2h12v-2zM4 16h2v2H4v-2zm16 0H8v2h12v-2z\" fill=\"currentColor\"><\/path><\/svg><svg style=\"fill: #999;color:#999\" class=\"arrow-unsorted-368013\" xmlns=\"http:\/\/www.w3.org\/2000\/svg\" width=\"10px\" height=\"10px\" viewBox=\"0 0 24 24\" version=\"1.2\" baseProfile=\"tiny\"><path d=\"M18.2 9.3l-6.2-6.3-6.2 6.3c-.2.2-.3.4-.3.7s.1.5.3.7c.2.2.4.3.7.3h11c.3 0 .5-.1.7-.3.2-.2.3-.5.3-.7s-.1-.5-.3-.7zM5.8 14.7l6.2 6.3 6.2-6.3c.2-.2.3-.5.3-.7s-.1-.5-.3-.7c-.2-.2-.4-.3-.7-.3h-11c-.3 0-.5.1-.7.3-.2.2-.3.5-.3.7s.1.5.3.7z\"\/><\/svg><\/span><\/span><\/label><input type=\"checkbox\"  id=\"ez-toc-cssicon-toggle-item-69f5af59b44e1\"  aria-label=\"Toggle\" \/><nav><ul class='ez-toc-list ez-toc-list-level-1 ' ><li class='ez-toc-page-1 ez-toc-heading-level-4'><a class=\"ez-toc-link ez-toc-heading-1\" href=\"https:\/\/sicflux.com.br\/blog\/oms-alerta-99-da-populacao-mundial-respira-ar-poluido\/#Numero_recorde_da_poluicao_do_ar\" title=\"N\u00famero recorde da polui\u00e7\u00e3o do ar\">N\u00famero recorde da polui\u00e7\u00e3o do ar<\/a><\/li><li class='ez-toc-page-1 ez-toc-heading-level-4'><a class=\"ez-toc-link ez-toc-heading-2\" href=\"https:\/\/sicflux.com.br\/blog\/oms-alerta-99-da-populacao-mundial-respira-ar-poluido\/#O_que_e_o_dioxido_de_nitrogenio\" title=\"O que \u00e9 o di\u00f3xido de nitrog\u00eanio?\">O que \u00e9 o di\u00f3xido de nitrog\u00eanio?<\/a><\/li><\/ul><\/nav><\/div>\n\n<p>Ap\u00f3s o resultado de uma combina\u00e7\u00e3o de dados coletados por milhares de cidades, chegou-se \u00e0 triste conclus\u00e3o de que, hoje, a OMS alerta: 99% da popula\u00e7\u00e3o mundial respira ar polu\u00eddo e destaca que o problema afeta a sa\u00fade dos indiv\u00edduos a n\u00edvel global.<br><br>O alerta vem, mais uma vez, nos mostrar que as a\u00e7\u00f5es a serem feitas n\u00e3o podem mais esperar, \u00e9 preciso, de uma vez por todas, compreender a gravidade dos fatos e agirmos para mudar essa realidade antes que seja tarde demais.&nbsp;<\/p>\n\n\n\n<h4 class=\"wp-block-heading\"><span class=\"ez-toc-section\" id=\"Numero_recorde_da_poluicao_do_ar\"><\/span>N\u00famero recorde da polui\u00e7\u00e3o do ar<span class=\"ez-toc-section-end\"><\/span><\/h4>\n\n\n\n<p>Em um relat\u00f3rio, a OMS indica que um n\u00famero recorde de mais de 6.000 \u00e1reas urbanas em 117 pa\u00edses agora monitora a qualidade do ar. Isso representa &#8220;cerca de 80% da popula\u00e7\u00e3o urbana do mundo&#8221;, segundo a Dra. Sophie Gumy, do Departamento de Meio Ambiente, Mudan\u00e7as Clim\u00e1ticas e Sa\u00fade da OMS.<\/p>\n\n\n\n<p>No entanto, as pessoas que vivem nesses locais ainda respiram n\u00edveis insalubres de part\u00edculas finas e di\u00f3xido de nitrog\u00eanio. Dado esses fatos a OMS alerta: 99% da popula\u00e7\u00e3o mundial respira ar polu\u00eddo.<br><br>&#8220;Tendo sobrevivido a uma pandemia, \u00e9 inaceit\u00e1vel continuar com 7 milh\u00f5es de mortes evit\u00e1veis e perder incont\u00e1veis anos de boa sa\u00fade devido \u00e0 polui\u00e7\u00e3o do ar&#8221;, lamenta a Dra. Maria Neira, diretora do Departamento de Meio Ambiente da OMS.<br> &#8220;H\u00e1 mais investimentos dedicados a um ambiente polu\u00eddo do que a um ambiente de ar limpo e saud\u00e1vel&#8221;, assegura Neira.<\/p>\n\n\n\n<p>Para a OMS, este alerta mostra mais do que nunca a import\u00e2ncia de solu\u00e7\u00f5es para melhorar a qualidade do ar, reduzir o uso de combust\u00edveis f\u00f3sseis e tomar outras medidas concretas para reduzir os n\u00edveis de polui\u00e7\u00e3o do ar.<\/p>\n\n\n\n<p>Dados atualizados do Banco de Dados de Qualidade do Ar da OMS fornece pela primeira vez medi\u00e7\u00f5es no n\u00edvel do solo das concentra\u00e7\u00f5es m\u00e9dias anuais de di\u00f3xido de nitrog\u00eanio (NO2), um poluente urbano comum e precursor de part\u00edculas e oz\u00f4nio.<\/p>\n\n\n\n<p>Cerca de 4.000 locais em 74 pa\u00edses coletam dados sobre o di\u00f3xido de nitrog\u00eanio do solo. De acordo com as diretrizes da OMS, apenas um quarto dos residentes nessas \u00e1reas respiram concentra\u00e7\u00f5es m\u00e9dias anuais de di\u00f3xido de nitrog\u00eanio.<\/p>\n\n\n\n<p>Em 117 pa\u00edses monitorando a qualidade do ar, a OMS descobriu que 17% das cidades de alta renda tinham qualidade de ar abaixo das diretrizes da OMS.<\/p>\n\n\n\n<p>Em pa\u00edses de baixa renda, a qualidade do ar em menos de 1% das cidades atende aos limites recomendados pela OMS. Nesse sentido, o alerta n\u00e3o poderia ser outro.&nbsp;<\/p>\n\n\n\n<h4 class=\"wp-block-heading\"><span class=\"ez-toc-section\" id=\"O_que_e_o_dioxido_de_nitrogenio\"><\/span>O que \u00e9 o di\u00f3xido de nitrog\u00eanio?<span class=\"ez-toc-section-end\"><\/span><\/h4>\n\n\n\n<p>O di\u00f3xido de nitrog\u00eanio (NO2) \u00e9 um g\u00e1s t\u00f3xico muito comum conhecido por seu forte odor e cor marrom. O nitrog\u00eanio gasoso (N2) reage com o oxig\u00eanio molecular (O2) para formar \u00f3xido n\u00edtrico (NO), que vem da combust\u00e3o do combust\u00edvel em motores de autom\u00f3veis ou fornos industriais muito quentes. O NO \u00e9 oxidado pelo O2 na atmosfera para formar di\u00f3xido de nitrog\u00eanio (NO2), que tamb\u00e9m pode reagir para formar oz\u00f4nio.<br><br>Al\u00e9m de irritar os pulm\u00f5es e reduzir a resist\u00eancia a infec\u00e7\u00f5es respirat\u00f3rias, o composto tamb\u00e9m aumenta a suscetibilidade \u00e0 asma e bronquite, principalmente em crian\u00e7as, idosos e grupos de alto risco. A exposi\u00e7\u00e3o a baixas doses de di\u00f3xido de nitrog\u00eanio pode irritar os olhos e a garganta, ou causar dores de cabe\u00e7a, n\u00e1useas e perda gradual de for\u00e7a. Altas doses de di\u00f3xido de nitrog\u00eanio podem causar edema pulmonar e morte.<br><br>Ao ser oxidado na atmosfera, o \u00f3xido de nitrog\u00eanio produz o \u00e1cido n\u00edtrico (HNO3), um dos componentes que aumenta a acidez da chuva, e causa v\u00e1rios danos \u00e0 natureza por ser corrosivo. Nos grandes centros urbanos, a chuva \u00e1cida acaba reagindo com o carbonato, material presente em m\u00e1rmore e muito utilizado em est\u00e1tuas, monumentos e pr\u00e9dios, que passam a se degradar rapidamente.<br><br>A <a href=\"https:\/\/sicflux.com.br\/blog\/o-que-e-chuva-acida-e-suas-consequencias\/\" target=\"_blank\" rel=\"noreferrer noopener\">chuva \u00e1cida<\/a> tamb\u00e9m causa grandes danos aos seres humanos, como efeitos na fun\u00e7\u00e3o pulmonar e dificuldades respirat\u00f3rias em pessoas com asma e, em certos casos, pode levar \u00e0 morte. Ao cair no solo, essa chuva provoca diversos danos em plantas, constru\u00e7\u00f5es e seres vivos.<\/p>\n\n\n\n<p>O alerta da OMS de que 99% da popula\u00e7\u00e3o mundial respira ar polu\u00eddo precisa ser suficiente para colocarmos a m\u00e3o na consci\u00eancia e compreender a urg\u00eancia desse problema. A pandemia nos trouxe uma tr\u00e9gua na polui\u00e7\u00e3o do ar, entretanto, est\u00e1 mais do que claro que as mudan\u00e7as necess\u00e1rias n\u00e3o foram feitas, e estamos novamente voltando \u00e0 estaca zero. N\u00e3o h\u00e1 mais tempo para esperar, as mudan\u00e7as precisam ocorrer e precisam ocorrer o quanto antes.<br><br>Adotar estrat\u00e9gias que visem implementar padr\u00f5es nacionais de qualidade do ar de acordo com as \u00faltimas diretrizes da entidade, monitorar a qualidade do ar e identificar fontes de polui\u00e7\u00e3o s\u00e3o os primeiros passos a serem dados para mudarmos essa realidade.<br><br>Melhorar esse cen\u00e1rio e a qualidade do ar \u00e9 papel de todos, e voc\u00ea pode come\u00e7ar a\u00ed mesmo, na sua casa. Hoje j\u00e1 existem diversos equipamentos que auxiliam na renova\u00e7\u00e3o e qualidade do ar interno, podendo amenizar e at\u00e9 anular os riscos causados pela polui\u00e7\u00e3o do ar. Que tal iniciar esse cuidado hoje mesmo? Entre em contato com a nossa equipe, conte-nos sobre sua necessidade e a gente encontra a melhor maneira de ajudar.<\/p>\n\n\n\n<p><strong>FONTES:&nbsp;<\/strong><br>&#8211; Quase toda a popula\u00e7\u00e3o mundial respira ar polu\u00eddo, segundo a OMS. OPOVO, 2022. Dispon\u00edvel em:&nbsp;&lt;www.opovo.com.br\/noticias\/mundo\/2022\/04\/04\/quase-toda-a-populacao-mundial-respira-ar-poluido-segundo-a-oms.html&gt;&nbsp;<br>&#8211; Saiba mais sobre o NO2, o di\u00f3xido de nitrog\u00eanio, e os efeitos na nossa sa\u00fade. Ecycle, 2022. Dispon\u00edvel em: &lt; https:\/\/www.ecycle.com.br\/no2-dioxido-de-nitrogenio\/&gt;<\/p>\n\n\n\n<div style=\"height:123px\" aria-hidden=\"true\" class=\"wp-block-spacer\"><\/div>\n\n\n\n<p><strong>Este conte\u00fado foi uma colabora\u00e7\u00e3o de:<\/strong><\/p>\n\n\n\n<figure class=\"wp-block-image size-large is-resized\"><img decoding=\"async\" src=\"https:\/\/sicflux.com.br\/blog\/wp-content\/uploads\/2022\/04\/rodape-1-1.jpg\" alt=\"\" class=\"wp-image-1397\" width=\"446\" height=\"100\" srcset=\"https:\/\/sicflux.com.br\/blog\/wp-content\/uploads\/2022\/04\/rodape-1-1.jpg 1101w, https:\/\/sicflux.com.br\/blog\/wp-content\/uploads\/2022\/04\/rodape-1-1-300x68.jpg 300w, https:\/\/sicflux.com.br\/blog\/wp-content\/uploads\/2022\/04\/rodape-1-1-768x173.jpg 768w\" sizes=\"(max-width: 446px) 100vw, 446px\" \/><\/figure>\n","protected":false},"excerpt":{"rendered":"<p>Ap\u00f3s o resultado de uma combina\u00e7\u00e3o de dados coletados por milhares de cidades, chegou-se \u00e0 triste conclus\u00e3o de que, hoje, a OMS alerta: 99% da popula\u00e7\u00e3o mundial respira ar polu\u00eddo e destaca que o problema&#8230;<\/p>\n","protected":false},"author":1,"featured_media":0,"comment_status":"open","ping_status":"open","sticky":true,"template":"","format":"standard","meta":{"_acf_changed":false,"footnotes":""},"categories":[50],"tags":[],"class_list":["post-1393","post","type-post","status-publish","format-standard","hentry","category-poluicao-do-ar"],"acf":[],"yoast_head":"<!-- This site is optimized with the Yoast SEO plugin v24.0 - https:\/\/yoast.com\/wordpress\/plugins\/seo\/ -->\n<title>OMS alerta: 99% da popula\u00e7\u00e3o mundial respira ar polu\u00eddo - Sicflux<\/title>\n<meta name=\"description\" content=\"Ap\u00f3s o resultado de uma combina\u00e7\u00e3o de dados coletados por milhares de cidades, chegou-se \u00e0 triste conclus\u00e3o de que, hoje, a OMS alerta: 99% da popula\u00e7\u00e3o mundial respira ar polu\u00eddo e destaca que o problema afeta a sa\u00fade dos indiv\u00edduos a n\u00edvel global.\" \/>\n<meta name=\"robots\" content=\"index, follow, max-snippet:-1, max-image-preview:large, max-video-preview:-1\" \/>\n<link rel=\"canonical\" href=\"https:\/\/sicflux.com.br\/blog\/oms-alerta-99-da-populacao-mundial-respira-ar-poluido\/\" \/>\n<meta property=\"og:locale\" content=\"pt_BR\" \/>\n<meta property=\"og:type\" content=\"article\" \/>\n<meta property=\"og:title\" content=\"OMS alerta: 99% da popula\u00e7\u00e3o mundial respira ar polu\u00eddo - Sicflux\" \/>\n<meta property=\"og:description\" content=\"Ap\u00f3s o resultado de uma combina\u00e7\u00e3o de dados coletados por milhares de cidades, chegou-se \u00e0 triste conclus\u00e3o de que, hoje, a OMS alerta: 99% da popula\u00e7\u00e3o mundial respira ar polu\u00eddo e destaca que o problema afeta a sa\u00fade dos indiv\u00edduos a n\u00edvel global.\" \/>\n<meta property=\"og:url\" content=\"https:\/\/sicflux.com.br\/blog\/oms-alerta-99-da-populacao-mundial-respira-ar-poluido\/\" \/>\n<meta property=\"og:site_name\" content=\"Sicflux\" \/>\n<meta property=\"article:publisher\" content=\"https:\/\/www.facebook.com\/sicflux.profissional\/\" \/>\n<meta property=\"article:published_time\" content=\"2022-04-13T14:40:56+00:00\" \/>\n<meta property=\"article:modified_time\" content=\"2024-10-11T13:15:21+00:00\" \/>\n<meta property=\"og:image\" content=\"https:\/\/sicflux.com.br\/blog\/wp-content\/uploads\/2022\/04\/rodape-1-1.jpg\" \/>\n<meta name=\"author\" content=\"Sicflux Brasil\" \/>\n<meta name=\"twitter:card\" content=\"summary_large_image\" \/>\n<meta name=\"twitter:label1\" content=\"Escrito por\" \/>\n\t<meta name=\"twitter:data1\" content=\"Sicflux Brasil\" \/>\n\t<meta name=\"twitter:label2\" content=\"Est. tempo de leitura\" \/>\n\t<meta name=\"twitter:data2\" content=\"5 minutos\" \/>\n<script type=\"application\/ld+json\" class=\"yoast-schema-graph\">{\"@context\":\"https:\/\/schema.org\",\"@graph\":[{\"@type\":\"Article\",\"@id\":\"https:\/\/sicflux.com.br\/blog\/oms-alerta-99-da-populacao-mundial-respira-ar-poluido\/#article\",\"isPartOf\":{\"@id\":\"https:\/\/sicflux.com.br\/blog\/oms-alerta-99-da-populacao-mundial-respira-ar-poluido\/\"},\"author\":{\"name\":\"Sicflux Brasil\",\"@id\":\"https:\/\/sicflux.com.br\/#\/schema\/person\/b0991863a2071fab9bb9cc7a546e04e0\"},\"headline\":\"OMS alerta: 99% da popula\u00e7\u00e3o mundial respira ar polu\u00eddo\",\"datePublished\":\"2022-04-13T14:40:56+00:00\",\"dateModified\":\"2024-10-11T13:15:21+00:00\",\"mainEntityOfPage\":{\"@id\":\"https:\/\/sicflux.com.br\/blog\/oms-alerta-99-da-populacao-mundial-respira-ar-poluido\/\"},\"wordCount\":1025,\"commentCount\":0,\"publisher\":{\"@id\":\"https:\/\/sicflux.com.br\/#organization\"},\"image\":{\"@id\":\"https:\/\/sicflux.com.br\/blog\/oms-alerta-99-da-populacao-mundial-respira-ar-poluido\/#primaryimage\"},\"thumbnailUrl\":\"https:\/\/sicflux.com.br\/blog\/wp-content\/uploads\/2022\/04\/rodape-1-1.jpg\",\"articleSection\":[\"Polui\u00e7\u00e3o do ar\"],\"inLanguage\":\"pt-BR\",\"potentialAction\":[{\"@type\":\"CommentAction\",\"name\":\"Comment\",\"target\":[\"https:\/\/sicflux.com.br\/blog\/oms-alerta-99-da-populacao-mundial-respira-ar-poluido\/#respond\"]}]},{\"@type\":\"WebPage\",\"@id\":\"https:\/\/sicflux.com.br\/blog\/oms-alerta-99-da-populacao-mundial-respira-ar-poluido\/\",\"url\":\"https:\/\/sicflux.com.br\/blog\/oms-alerta-99-da-populacao-mundial-respira-ar-poluido\/\",\"name\":\"OMS alerta: 99% da popula\u00e7\u00e3o mundial respira ar polu\u00eddo - Sicflux\",\"isPartOf\":{\"@id\":\"https:\/\/sicflux.com.br\/#website\"},\"primaryImageOfPage\":{\"@id\":\"https:\/\/sicflux.com.br\/blog\/oms-alerta-99-da-populacao-mundial-respira-ar-poluido\/#primaryimage\"},\"image\":{\"@id\":\"https:\/\/sicflux.com.br\/blog\/oms-alerta-99-da-populacao-mundial-respira-ar-poluido\/#primaryimage\"},\"thumbnailUrl\":\"https:\/\/sicflux.com.br\/blog\/wp-content\/uploads\/2022\/04\/rodape-1-1.jpg\",\"datePublished\":\"2022-04-13T14:40:56+00:00\",\"dateModified\":\"2024-10-11T13:15:21+00:00\",\"description\":\"Ap\u00f3s o resultado de uma combina\u00e7\u00e3o de dados coletados por milhares de cidades, chegou-se \u00e0 triste conclus\u00e3o de que, hoje, a OMS alerta: 99% da popula\u00e7\u00e3o mundial respira ar polu\u00eddo e destaca que o problema afeta a sa\u00fade dos indiv\u00edduos a n\u00edvel global.\",\"breadcrumb\":{\"@id\":\"https:\/\/sicflux.com.br\/blog\/oms-alerta-99-da-populacao-mundial-respira-ar-poluido\/#breadcrumb\"},\"inLanguage\":\"pt-BR\",\"potentialAction\":[{\"@type\":\"ReadAction\",\"target\":[\"https:\/\/sicflux.com.br\/blog\/oms-alerta-99-da-populacao-mundial-respira-ar-poluido\/\"]}]},{\"@type\":\"ImageObject\",\"inLanguage\":\"pt-BR\",\"@id\":\"https:\/\/sicflux.com.br\/blog\/oms-alerta-99-da-populacao-mundial-respira-ar-poluido\/#primaryimage\",\"url\":\"https:\/\/sicflux.com.br\/blog\/wp-content\/uploads\/2022\/04\/rodape-1-1.jpg\",\"contentUrl\":\"https:\/\/sicflux.com.br\/blog\/wp-content\/uploads\/2022\/04\/rodape-1-1.jpg\",\"width\":1101,\"height\":248},{\"@type\":\"BreadcrumbList\",\"@id\":\"https:\/\/sicflux.com.br\/blog\/oms-alerta-99-da-populacao-mundial-respira-ar-poluido\/#breadcrumb\",\"itemListElement\":[{\"@type\":\"ListItem\",\"position\":1,\"name\":\"In\u00edcio\",\"item\":\"https:\/\/sicflux.com.br\/\"},{\"@type\":\"ListItem\",\"position\":2,\"name\":\"OMS alerta: 99% da popula\u00e7\u00e3o mundial respira ar polu\u00eddo\"}]},{\"@type\":\"WebSite\",\"@id\":\"https:\/\/sicflux.com.br\/#website\",\"url\":\"https:\/\/sicflux.com.br\/\",\"name\":\"Sicflux Brasil\",\"description\":\"Ar em movimento\",\"publisher\":{\"@id\":\"https:\/\/sicflux.com.br\/#organization\"},\"alternateName\":\"Sicflux Brasil\",\"potentialAction\":[{\"@type\":\"SearchAction\",\"target\":{\"@type\":\"EntryPoint\",\"urlTemplate\":\"https:\/\/sicflux.com.br\/?s={search_term_string}\"},\"query-input\":{\"@type\":\"PropertyValueSpecification\",\"valueRequired\":true,\"valueName\":\"search_term_string\"}}],\"inLanguage\":\"pt-BR\"},{\"@type\":\"Organization\",\"@id\":\"https:\/\/sicflux.com.br\/#organization\",\"name\":\"Sicflux Brasil\",\"alternateName\":\"Sicflux Brasil\",\"url\":\"https:\/\/sicflux.com.br\/\",\"logo\":{\"@type\":\"ImageObject\",\"inLanguage\":\"pt-BR\",\"@id\":\"https:\/\/sicflux.com.br\/#\/schema\/logo\/image\/\",\"url\":\"https:\/\/sicflux.com.br\/blog\/wp-content\/uploads\/2019\/09\/logo-sicflux-1.png\",\"contentUrl\":\"https:\/\/sicflux.com.br\/blog\/wp-content\/uploads\/2019\/09\/logo-sicflux-1.png\",\"width\":600,\"height\":169,\"caption\":\"Sicflux Brasil\"},\"image\":{\"@id\":\"https:\/\/sicflux.com.br\/#\/schema\/logo\/image\/\"},\"sameAs\":[\"https:\/\/www.facebook.com\/sicflux.profissional\/\",\"https:\/\/www.instagram.com\/sicflux\/\",\"https:\/\/www.linkedin.com\/company\/sicflux\/\"]},{\"@type\":\"Person\",\"@id\":\"https:\/\/sicflux.com.br\/#\/schema\/person\/b0991863a2071fab9bb9cc7a546e04e0\",\"name\":\"Sicflux Brasil\",\"image\":{\"@type\":\"ImageObject\",\"inLanguage\":\"pt-BR\",\"@id\":\"https:\/\/sicflux.com.br\/#\/schema\/person\/image\/\",\"url\":\"https:\/\/secure.gravatar.com\/avatar\/27089a835d9c4ab26557590e093588b0?s=96&d=mm&r=g\",\"contentUrl\":\"https:\/\/secure.gravatar.com\/avatar\/27089a835d9c4ab26557590e093588b0?s=96&d=mm&r=g\",\"caption\":\"Sicflux Brasil\"}}]}<\/script>\n<!-- \/ Yoast SEO plugin. -->","yoast_head_json":{"title":"OMS alerta: 99% da popula\u00e7\u00e3o mundial respira ar polu\u00eddo - Sicflux","description":"Ap\u00f3s o resultado de uma combina\u00e7\u00e3o de dados coletados por milhares de cidades, chegou-se \u00e0 triste conclus\u00e3o de que, hoje, a OMS alerta: 99% da popula\u00e7\u00e3o mundial respira ar polu\u00eddo e destaca que o problema afeta a sa\u00fade dos indiv\u00edduos a n\u00edvel global.","robots":{"index":"index","follow":"follow","max-snippet":"max-snippet:-1","max-image-preview":"max-image-preview:large","max-video-preview":"max-video-preview:-1"},"canonical":"https:\/\/sicflux.com.br\/blog\/oms-alerta-99-da-populacao-mundial-respira-ar-poluido\/","og_locale":"pt_BR","og_type":"article","og_title":"OMS alerta: 99% da popula\u00e7\u00e3o mundial respira ar polu\u00eddo - Sicflux","og_description":"Ap\u00f3s o resultado de uma combina\u00e7\u00e3o de dados coletados por milhares de cidades, chegou-se \u00e0 triste conclus\u00e3o de que, hoje, a OMS alerta: 99% da popula\u00e7\u00e3o mundial respira ar polu\u00eddo e destaca que o problema afeta a sa\u00fade dos indiv\u00edduos a n\u00edvel global.","og_url":"https:\/\/sicflux.com.br\/blog\/oms-alerta-99-da-populacao-mundial-respira-ar-poluido\/","og_site_name":"Sicflux","article_publisher":"https:\/\/www.facebook.com\/sicflux.profissional\/","article_published_time":"2022-04-13T14:40:56+00:00","article_modified_time":"2024-10-11T13:15:21+00:00","og_image":[{"url":"https:\/\/sicflux.com.br\/blog\/wp-content\/uploads\/2022\/04\/rodape-1-1.jpg","type":"","width":"","height":""}],"author":"Sicflux Brasil","twitter_card":"summary_large_image","twitter_misc":{"Escrito por":"Sicflux Brasil","Est. tempo de leitura":"5 minutos"},"schema":{"@context":"https:\/\/schema.org","@graph":[{"@type":"Article","@id":"https:\/\/sicflux.com.br\/blog\/oms-alerta-99-da-populacao-mundial-respira-ar-poluido\/#article","isPartOf":{"@id":"https:\/\/sicflux.com.br\/blog\/oms-alerta-99-da-populacao-mundial-respira-ar-poluido\/"},"author":{"name":"Sicflux Brasil","@id":"https:\/\/sicflux.com.br\/#\/schema\/person\/b0991863a2071fab9bb9cc7a546e04e0"},"headline":"OMS alerta: 99% da popula\u00e7\u00e3o mundial respira ar polu\u00eddo","datePublished":"2022-04-13T14:40:56+00:00","dateModified":"2024-10-11T13:15:21+00:00","mainEntityOfPage":{"@id":"https:\/\/sicflux.com.br\/blog\/oms-alerta-99-da-populacao-mundial-respira-ar-poluido\/"},"wordCount":1025,"commentCount":0,"publisher":{"@id":"https:\/\/sicflux.com.br\/#organization"},"image":{"@id":"https:\/\/sicflux.com.br\/blog\/oms-alerta-99-da-populacao-mundial-respira-ar-poluido\/#primaryimage"},"thumbnailUrl":"https:\/\/sicflux.com.br\/blog\/wp-content\/uploads\/2022\/04\/rodape-1-1.jpg","articleSection":["Polui\u00e7\u00e3o do ar"],"inLanguage":"pt-BR","potentialAction":[{"@type":"CommentAction","name":"Comment","target":["https:\/\/sicflux.com.br\/blog\/oms-alerta-99-da-populacao-mundial-respira-ar-poluido\/#respond"]}]},{"@type":"WebPage","@id":"https:\/\/sicflux.com.br\/blog\/oms-alerta-99-da-populacao-mundial-respira-ar-poluido\/","url":"https:\/\/sicflux.com.br\/blog\/oms-alerta-99-da-populacao-mundial-respira-ar-poluido\/","name":"OMS alerta: 99% da popula\u00e7\u00e3o mundial respira ar polu\u00eddo - Sicflux","isPartOf":{"@id":"https:\/\/sicflux.com.br\/#website"},"primaryImageOfPage":{"@id":"https:\/\/sicflux.com.br\/blog\/oms-alerta-99-da-populacao-mundial-respira-ar-poluido\/#primaryimage"},"image":{"@id":"https:\/\/sicflux.com.br\/blog\/oms-alerta-99-da-populacao-mundial-respira-ar-poluido\/#primaryimage"},"thumbnailUrl":"https:\/\/sicflux.com.br\/blog\/wp-content\/uploads\/2022\/04\/rodape-1-1.jpg","datePublished":"2022-04-13T14:40:56+00:00","dateModified":"2024-10-11T13:15:21+00:00","description":"Ap\u00f3s o resultado de uma combina\u00e7\u00e3o de dados coletados por milhares de cidades, chegou-se \u00e0 triste conclus\u00e3o de que, hoje, a OMS alerta: 99% da popula\u00e7\u00e3o mundial respira ar polu\u00eddo e destaca que o problema afeta a sa\u00fade dos indiv\u00edduos a n\u00edvel global.","breadcrumb":{"@id":"https:\/\/sicflux.com.br\/blog\/oms-alerta-99-da-populacao-mundial-respira-ar-poluido\/#breadcrumb"},"inLanguage":"pt-BR","potentialAction":[{"@type":"ReadAction","target":["https:\/\/sicflux.com.br\/blog\/oms-alerta-99-da-populacao-mundial-respira-ar-poluido\/"]}]},{"@type":"ImageObject","inLanguage":"pt-BR","@id":"https:\/\/sicflux.com.br\/blog\/oms-alerta-99-da-populacao-mundial-respira-ar-poluido\/#primaryimage","url":"https:\/\/sicflux.com.br\/blog\/wp-content\/uploads\/2022\/04\/rodape-1-1.jpg","contentUrl":"https:\/\/sicflux.com.br\/blog\/wp-content\/uploads\/2022\/04\/rodape-1-1.jpg","width":1101,"height":248},{"@type":"BreadcrumbList","@id":"https:\/\/sicflux.com.br\/blog\/oms-alerta-99-da-populacao-mundial-respira-ar-poluido\/#breadcrumb","itemListElement":[{"@type":"ListItem","position":1,"name":"In\u00edcio","item":"https:\/\/sicflux.com.br\/"},{"@type":"ListItem","position":2,"name":"OMS alerta: 99% da popula\u00e7\u00e3o mundial respira ar polu\u00eddo"}]},{"@type":"WebSite","@id":"https:\/\/sicflux.com.br\/#website","url":"https:\/\/sicflux.com.br\/","name":"Sicflux Brasil","description":"Ar em movimento","publisher":{"@id":"https:\/\/sicflux.com.br\/#organization"},"alternateName":"Sicflux Brasil","potentialAction":[{"@type":"SearchAction","target":{"@type":"EntryPoint","urlTemplate":"https:\/\/sicflux.com.br\/?s={search_term_string}"},"query-input":{"@type":"PropertyValueSpecification","valueRequired":true,"valueName":"search_term_string"}}],"inLanguage":"pt-BR"},{"@type":"Organization","@id":"https:\/\/sicflux.com.br\/#organization","name":"Sicflux Brasil","alternateName":"Sicflux Brasil","url":"https:\/\/sicflux.com.br\/","logo":{"@type":"ImageObject","inLanguage":"pt-BR","@id":"https:\/\/sicflux.com.br\/#\/schema\/logo\/image\/","url":"https:\/\/sicflux.com.br\/blog\/wp-content\/uploads\/2019\/09\/logo-sicflux-1.png","contentUrl":"https:\/\/sicflux.com.br\/blog\/wp-content\/uploads\/2019\/09\/logo-sicflux-1.png","width":600,"height":169,"caption":"Sicflux Brasil"},"image":{"@id":"https:\/\/sicflux.com.br\/#\/schema\/logo\/image\/"},"sameAs":["https:\/\/www.facebook.com\/sicflux.profissional\/","https:\/\/www.instagram.com\/sicflux\/","https:\/\/www.linkedin.com\/company\/sicflux\/"]},{"@type":"Person","@id":"https:\/\/sicflux.com.br\/#\/schema\/person\/b0991863a2071fab9bb9cc7a546e04e0","name":"Sicflux Brasil","image":{"@type":"ImageObject","inLanguage":"pt-BR","@id":"https:\/\/sicflux.com.br\/#\/schema\/person\/image\/","url":"https:\/\/secure.gravatar.com\/avatar\/27089a835d9c4ab26557590e093588b0?s=96&d=mm&r=g","contentUrl":"https:\/\/secure.gravatar.com\/avatar\/27089a835d9c4ab26557590e093588b0?s=96&d=mm&r=g","caption":"Sicflux Brasil"}}]}},"_links":{"self":[{"href":"https:\/\/sicflux.com.br\/blog\/wp-json\/wp\/v2\/posts\/1393","targetHints":{"allow":["GET"]}}],"collection":[{"href":"https:\/\/sicflux.com.br\/blog\/wp-json\/wp\/v2\/posts"}],"about":[{"href":"https:\/\/sicflux.com.br\/blog\/wp-json\/wp\/v2\/types\/post"}],"author":[{"embeddable":true,"href":"https:\/\/sicflux.com.br\/blog\/wp-json\/wp\/v2\/users\/1"}],"replies":[{"embeddable":true,"href":"https:\/\/sicflux.com.br\/blog\/wp-json\/wp\/v2\/comments?post=1393"}],"version-history":[{"count":0,"href":"https:\/\/sicflux.com.br\/blog\/wp-json\/wp\/v2\/posts\/1393\/revisions"}],"wp:attachment":[{"href":"https:\/\/sicflux.com.br\/blog\/wp-json\/wp\/v2\/media?parent=1393"}],"wp:term":[{"taxonomy":"category","embeddable":true,"href":"https:\/\/sicflux.com.br\/blog\/wp-json\/wp\/v2\/categories?post=1393"},{"taxonomy":"post_tag","embeddable":true,"href":"https:\/\/sicflux.com.br\/blog\/wp-json\/wp\/v2\/tags?post=1393"}],"curies":[{"name":"wp","href":"https:\/\/api.w.org\/{rel}","templated":true}]}}