{"id":1509,"date":"2022-07-29T17:08:48","date_gmt":"2022-07-29T20:08:48","guid":{"rendered":"https:\/\/sicflux.com.br\/blog\/?p=1509"},"modified":"2022-08-03T09:55:32","modified_gmt":"2022-08-03T12:55:32","slug":"poluicao-do-ar-causas-e-consequencias-para-a-populacao","status":"publish","type":"post","link":"https:\/\/sicflux.com.br\/blog\/poluicao-do-ar-causas-e-consequencias-para-a-populacao\/","title":{"rendered":"Polui\u00e7\u00e3o do ar: causas e consequ\u00eancias para a popula\u00e7\u00e3o"},"content":{"rendered":"<div id=\"ez-toc-container\" class=\"ez-toc-v2_0_69_1 counter-hierarchy ez-toc-counter ez-toc-custom ez-toc-container-direction\">\n<p class=\"ez-toc-title\" style=\"cursor:inherit\">\u00cdndice<\/p>\n<label for=\"ez-toc-cssicon-toggle-item-69ef974e6774b\" class=\"ez-toc-cssicon-toggle-label\"><span class=\"\"><span class=\"eztoc-hide\" style=\"display:none;\">Toggle<\/span><span class=\"ez-toc-icon-toggle-span\"><svg style=\"fill: #999;color:#999\" xmlns=\"http:\/\/www.w3.org\/2000\/svg\" class=\"list-377408\" width=\"20px\" height=\"20px\" viewBox=\"0 0 24 24\" fill=\"none\"><path d=\"M6 6H4v2h2V6zm14 0H8v2h12V6zM4 11h2v2H4v-2zm16 0H8v2h12v-2zM4 16h2v2H4v-2zm16 0H8v2h12v-2z\" fill=\"currentColor\"><\/path><\/svg><svg style=\"fill: #999;color:#999\" class=\"arrow-unsorted-368013\" xmlns=\"http:\/\/www.w3.org\/2000\/svg\" width=\"10px\" height=\"10px\" viewBox=\"0 0 24 24\" version=\"1.2\" baseProfile=\"tiny\"><path d=\"M18.2 9.3l-6.2-6.3-6.2 6.3c-.2.2-.3.4-.3.7s.1.5.3.7c.2.2.4.3.7.3h11c.3 0 .5-.1.7-.3.2-.2.3-.5.3-.7s-.1-.5-.3-.7zM5.8 14.7l6.2 6.3 6.2-6.3c.2-.2.3-.5.3-.7s-.1-.5-.3-.7c-.2-.2-.4-.3-.7-.3h-11c-.3 0-.5.1-.7.3-.2.2-.3.5-.3.7s.1.5.3.7z\"\/><\/svg><\/span><\/span><\/label><input type=\"checkbox\"  id=\"ez-toc-cssicon-toggle-item-69ef974e6774b\"  aria-label=\"Toggle\" \/><nav><ul class='ez-toc-list ez-toc-list-level-1 ' ><li class='ez-toc-page-1 ez-toc-heading-level-2'><a class=\"ez-toc-link ez-toc-heading-1\" href=\"https:\/\/sicflux.com.br\/blog\/poluicao-do-ar-causas-e-consequencias-para-a-populacao\/#O_que_e_a_poluicao_do_ar\" title=\"O que \u00e9 a polui\u00e7\u00e3o do ar?\">O que \u00e9 a polui\u00e7\u00e3o do ar?<\/a><ul class='ez-toc-list-level-3' ><li class='ez-toc-heading-level-3'><a class=\"ez-toc-link ez-toc-heading-2\" href=\"https:\/\/sicflux.com.br\/blog\/poluicao-do-ar-causas-e-consequencias-para-a-populacao\/#O_que_causa_a_poluicao_do_ar\" title=\"O que causa a polui\u00e7\u00e3o do ar?\">O que causa a polui\u00e7\u00e3o do ar?<\/a><\/li><li class='ez-toc-page-1 ez-toc-heading-level-3'><a class=\"ez-toc-link ez-toc-heading-3\" href=\"https:\/\/sicflux.com.br\/blog\/poluicao-do-ar-causas-e-consequencias-para-a-populacao\/#Quais_sao_os_principais_poluentes_emitidos_no_ar\" title=\"Quais s\u00e3o os principais poluentes emitidos no ar?\">Quais s\u00e3o os principais poluentes emitidos no ar?<\/a><\/li><\/ul><\/li><li class='ez-toc-page-1 ez-toc-heading-level-2'><a class=\"ez-toc-link ez-toc-heading-4\" href=\"https:\/\/sicflux.com.br\/blog\/poluicao-do-ar-causas-e-consequencias-para-a-populacao\/#Consequencias_da_poluicao_do_ar_para_a_populacao\" title=\"Consequ\u00eancias da polui\u00e7\u00e3o do ar para a popula\u00e7\u00e3o\">Consequ\u00eancias da polui\u00e7\u00e3o do ar para a popula\u00e7\u00e3o<\/a><\/li><li class='ez-toc-page-1 ez-toc-heading-level-2'><a class=\"ez-toc-link ez-toc-heading-5\" href=\"https:\/\/sicflux.com.br\/blog\/poluicao-do-ar-causas-e-consequencias-para-a-populacao\/#O_que_podemos_fazer_para_melhorar_isso\" title=\"O que podemos fazer para melhorar isso?\">O que podemos fazer para melhorar isso?<\/a><ul class='ez-toc-list-level-3' ><li class='ez-toc-heading-level-3'><a class=\"ez-toc-link ez-toc-heading-6\" href=\"https:\/\/sicflux.com.br\/blog\/poluicao-do-ar-causas-e-consequencias-para-a-populacao\/#Agenda_2030_o_plano_para_melhorar_a_qualidade_de_vida_na_Terra\" title=\"Agenda 2030: o plano para melhorar a qualidade de vida na Terra\">Agenda 2030: o plano para melhorar a qualidade de vida na Terra<\/a><\/li><\/ul><\/li><li class='ez-toc-page-1 ez-toc-heading-level-2'><a class=\"ez-toc-link ez-toc-heading-7\" href=\"https:\/\/sicflux.com.br\/blog\/poluicao-do-ar-causas-e-consequencias-para-a-populacao\/#Como_podemos_nos_proteger_da_poluicao_do_ar\" title=\"Como podemos nos proteger da polui\u00e7\u00e3o do ar?\">Como podemos nos proteger da polui\u00e7\u00e3o do ar?<\/a><\/li><\/ul><\/nav><\/div>\n\n<figure class=\"wp-block-image size-large\"><img decoding=\"async\" width=\"1200\" height=\"527\" src=\"https:\/\/sicflux.com.br\/blog\/wp-content\/uploads\/2022\/07\/1658146634_d4ce66_adaptacao_para_blog.jpg\" alt=\"\" class=\"wp-image-1499\" srcset=\"https:\/\/sicflux.com.br\/blog\/wp-content\/uploads\/2022\/07\/1658146634_d4ce66_adaptacao_para_blog.jpg 1200w, https:\/\/sicflux.com.br\/blog\/wp-content\/uploads\/2022\/07\/1658146634_d4ce66_adaptacao_para_blog-300x132.jpg 300w, https:\/\/sicflux.com.br\/blog\/wp-content\/uploads\/2022\/07\/1658146634_d4ce66_adaptacao_para_blog-768x337.jpg 768w\" sizes=\"(max-width: 1200px) 100vw, 1200px\" \/><\/figure>\n\n\n\n<p>A atmosfera da Terra \u00e9 constitu\u00edda, naturalmente, por um conjunto de gases e outros componentes necess\u00e1rios para manter a temperatura do planeta na medida certa para vivermos e para proteger o planeta da radia\u00e7\u00e3o especial.<\/p>\n\n\n\n<p>Contudo, ao longo de s\u00e9culos e d\u00e9cadas de avan\u00e7os tecnol\u00f3gicos e industriais e at\u00e9 os fen\u00f4menos de causas naturais, outros componentes se misturam na atmosfera, causando grandes impactos na natureza e na nossa sa\u00fade.<\/p>\n\n\n\n<h2 class=\"wp-block-heading\"><span class=\"ez-toc-section\" id=\"O_que_e_a_poluicao_do_ar\"><\/span>O que \u00e9 a polui\u00e7\u00e3o do ar?<span class=\"ez-toc-section-end\"><\/span><\/h2>\n\n\n\n<p>Para entender como a polui\u00e7\u00e3o do ar afeta a popula\u00e7\u00e3o, precisamos compreender o que \u00e9 polui\u00e7\u00e3o: a polui\u00e7\u00e3o do ar \u00e9 definida como a emiss\u00e3o em grande volume de compostos que prejudicam a estrutura da atmosfera do nosso planeta.<\/p>\n\n\n\n<p>Sendo assim, quando esse grande volume de compostos poluentes atinge a camada atmosf\u00e9rica da Terra, essa estrutura deixa de ter sua composi\u00e7\u00e3o natural, que garante prote\u00e7\u00e3o contra radia\u00e7\u00e3o vinda do Sol e do espa\u00e7o em geral.<\/p>\n\n\n\n<p>Apesar da polui\u00e7\u00e3o do ar sempre ter existido, h\u00e1 s\u00e9culos, como nas queimadas de madeira em fogueiras ou nos processos de combust\u00e3o para mover trens, esses poluentes eram liberados em volume muito menor.<\/p>\n\n\n\n<p>Contudo, foi com o avan\u00e7o industrial e tecnol\u00f3gico ao redor do mundo inteiro que esse volume de poluentes aumentou, fragilizando o nosso planeta.<\/p>\n\n\n\n<h3 class=\"wp-block-heading\"><span class=\"ez-toc-section\" id=\"O_que_causa_a_poluicao_do_ar\"><\/span>O que causa a polui\u00e7\u00e3o do ar?<span class=\"ez-toc-section-end\"><\/span><\/h3>\n\n\n\n<p>Tanto a a\u00e7\u00e3o do homem quanto alguns fen\u00f4menos naturais podem causar a polui\u00e7\u00e3o atmosf\u00e9rica.<\/p>\n\n\n\n<ul class=\"wp-block-list\"><li>gases emitidos em erup\u00e7\u00f5es vulc\u00e2nicas e na decomposi\u00e7\u00e3o de mat\u00e9rias org\u00e2nicas;<\/li><li>metano liberado no processo digestivo dos animais;<\/li><li>poeira dos desertos.<\/li><\/ul>\n\n\n\n<p>Os processos naturais do planeta Terra s\u00e3o sim danosos para o pr\u00f3prio planeta, por\u00e9m, s\u00e3o as atividades humanas que mais representam riscos para o meio ambiente.&nbsp;<\/p>\n\n\n\n<ul class=\"wp-block-list\"><li>queima de combust\u00edveis f\u00f3sseis;<\/li><li>processos industriais;<\/li><li>minera\u00e7\u00e3o;<\/li><li>produ\u00e7\u00e3o de energia el\u00e9trica.<\/li><\/ul>\n\n\n\n<p>Em quantidade, as emiss\u00f5es de poluentes em fen\u00f4menos naturais \u00e9 uma fatia muito pequena do processo de deteriora\u00e7\u00e3o da atmosfera. Enquanto isso, os poluentes produzidos e emitidos pelas a\u00e7\u00f5es do homem s\u00e3o a grande maioria nesse processo.<\/p>\n\n\n\n<h3 class=\"wp-block-heading\"><span class=\"ez-toc-section\" id=\"Quais_sao_os_principais_poluentes_emitidos_no_ar\"><\/span>Quais s\u00e3o os principais poluentes emitidos no ar?<span class=\"ez-toc-section-end\"><\/span><\/h3>\n\n\n\n<p>Existem in\u00fameros compostos que danificam a atmosfera terrestre, mas podemos citar alguns deles que causam os maiores impactos &#8211; para a natureza e para a vida humana.<\/p>\n\n\n\n<ul class=\"wp-block-list\"><li>Mon\u00f3xido de carbono (CO);<\/li><li>Di\u00f3xido de carbono (CO\u2082);<\/li><li>Chumbo;<\/li><li>Oz\u00f4nio.<\/li><\/ul>\n\n\n\n<p>Ao passo que a ind\u00fastria e a tecnologia avan\u00e7am, alguns processos, como as queimas industriais, emitem gases e fuma\u00e7a com estes compostos poluentes, atingindo diretamente a estrutura da atmosfera terrestre.<\/p>\n\n\n\n<h2 class=\"wp-block-heading\"><span class=\"ez-toc-section\" id=\"Consequencias_da_poluicao_do_ar_para_a_populacao\"><\/span>Consequ\u00eancias da polui\u00e7\u00e3o do ar para a popula\u00e7\u00e3o<span class=\"ez-toc-section-end\"><\/span><\/h2>\n\n\n\n<p>Existem diversas consequ\u00eancias da polui\u00e7\u00e3o atmosf\u00e9rica para o planeta, tanto para a qualidade de vida de todos os seres que habitam a Terra quanto diretamente para a nossa<a href=\"https:\/\/www.inca.gov.br\/exposicao-no-trabalho-e-no-ambiente\/poluentes\/poluicao-do-ar#:~:text=O%20ar%20%C3%A9%20considerado%20poluido,efeitos%20danosos%20ao%20meio%20ambiente.\"> sa\u00fade<\/a>.<\/p>\n\n\n\n<ul class=\"wp-block-list\"><li>problemas ambientais: aquecimento global, chuvas \u00e1cidas e tempestades graves;<\/li><li>doen\u00e7as: problemas respirat\u00f3rios, doen\u00e7as de pele e at\u00e9 doen\u00e7as neurol\u00f3gicas podem ser causadas pela polui\u00e7\u00e3o do ar.<\/li><\/ul>\n\n\n\n<p>Contudo existem algumas maneiras de reverter essa situa\u00e7\u00e3o e evitar problemas maiores para o meio ambiente e para a qualidade de vida da popula\u00e7\u00e3o.<\/p>\n\n\n\n<h2 class=\"wp-block-heading\"><span class=\"ez-toc-section\" id=\"O_que_podemos_fazer_para_melhorar_isso\"><\/span>O que podemos fazer para melhorar isso?<span class=\"ez-toc-section-end\"><\/span><\/h2>\n\n\n\n<p>Podemos tomar in\u00fameras medidas para controlar a polui\u00e7\u00e3o do ar e diminuir o desgaste da qualidade da vida na Terra, freando os processos nocivos dos poluentes no nosso planeta.<\/p>\n\n\n\n<ul class=\"wp-block-list\"><li>uso de transporte coletivo;<\/li><li>meios de transporte alternativos como bicicleta ou carona solid\u00e1ria;<\/li><li>prefer\u00eancia por biocombust\u00edveis;<\/li><\/ul>\n\n\n\n<p>Ademais, essas a\u00e7\u00f5es podem se tornar ainda mais efetivas quando combinadas com atividades pol\u00edticas, atrav\u00e9s de press\u00e3o da popula\u00e7\u00e3o para os governantes para regularizar e fiscalizar ind\u00fastrias e queimadas.<\/p>\n\n\n\n<h3 class=\"wp-block-heading\"><span class=\"ez-toc-section\" id=\"Agenda_2030_o_plano_para_melhorar_a_qualidade_de_vida_na_Terra\"><\/span>Agenda 2030: o plano para melhorar a qualidade de vida na Terra<span class=\"ez-toc-section-end\"><\/span><\/h3>\n\n\n\n<p>A<a href=\"https:\/\/brasil.un.org\/pt-br\/91863-agenda-2030-para-o-desenvolvimento-sustentavel\"> Agenda 2030<\/a>, criada pela ONU &#8211; Organiza\u00e7\u00e3o das Na\u00e7\u00f5es Unidas &#8211; e assinada por diversos pa\u00edses, \u00e9 um projeto de interven\u00e7\u00e3o direta nas a\u00e7\u00f5es do homem para combater a degrada\u00e7\u00e3o do planeta.<\/p>\n\n\n\n<p>As a\u00e7\u00f5es de interven\u00e7\u00e3o devem ser feitas por governos, pela sociedade civil, pelo setor p\u00fablico e privado e por quaisquer cidad\u00e3os comprometidos com as futuras gera\u00e7\u00f5es.<\/p>\n\n\n\n<p>Nesta agenda foram estabelecidos 17 objetivos e 169 metas para o desenvolvimento sustent\u00e1vel da vida na Terra, em tr\u00eas dimens\u00f5es: social, ambiental e econ\u00f4mica<\/p>\n\n\n\n<h2 class=\"wp-block-heading\"><span class=\"ez-toc-section\" id=\"Como_podemos_nos_proteger_da_poluicao_do_ar\"><\/span>Como podemos nos proteger da polui\u00e7\u00e3o do ar?<span class=\"ez-toc-section-end\"><\/span><\/h2>\n\n\n\n<p>Em uma pequena escala de a\u00e7\u00f5es, existem algumas medidas que podemos tomar para nos protegermos da polui\u00e7\u00e3o atmosf\u00e9rica e diminuir os riscos de complica\u00e7\u00f5es na nossa sa\u00fade.<\/p>\n\n\n\n<ul class=\"wp-block-list\"><li>higienize bem seus olhos, rosto e m\u00e3os ao longo do dia, principalmente quando chegar em casa depois do trabalho;<\/li><li>utilize m\u00e1scara nos dias mais frios, pois s\u00e3o nesses dias que ficamos mais prop\u00edcios a inalar poluentes;<\/li><li>opte por um<a href=\"https:\/\/sicflux.com.br\/blog\/importancia-do-sistema-de-ventilacao-com-exaustores\/\"> bom sistema de ventila\u00e7\u00e3o<\/a> e renova\u00e7\u00e3o do ar na sua casa e ambiente de trabalho.<\/li><\/ul>\n\n\n\n<p>A fim de promover uma melhora na qualidade do ar em ambientes fechados e preservar o bem-estar das pessoas, a Sicflux desenvolveu um cat\u00e1logo de produtos pensados justamente para a melhoria da qualidade do ar na sua casa, trabalho ou ind\u00fastria.<\/p>\n\n\n\n<ul class=\"wp-block-list\"><li>insufladores como o FH;<\/li><li>caixas de filtros como o Filbox;<\/li><li>e exaustores como o Maxx.<\/li><\/ul>\n\n\n\n<p>Com certifica\u00e7\u00f5es nacionais e internacionais, como AMCA e Intertek, a nossa equipe pensa sempre na qualidade de vida das pessoas e somos altamente qualificados para entregar excel\u00eancia sempre!<\/p>\n\n\n\n<p>Quer melhorar a qualidade do ar no seu ambiente de trabalho ou residencial? Entre em contato com a nossa equipe e saiba onde encontrar uma revenda autorizada da Sicflux na sua regi\u00e3o.<\/p>\n","protected":false},"excerpt":{"rendered":"<p>A atmosfera da Terra \u00e9 constitu\u00edda, naturalmente, por um conjunto de gases e outros componentes necess\u00e1rios para manter a temperatura do planeta na medida certa para vivermos e para proteger o planeta da radia\u00e7\u00e3o especial&#8230;.<\/p>\n","protected":false},"author":1,"featured_media":1499,"comment_status":"open","ping_status":"open","sticky":true,"template":"","format":"standard","meta":{"_acf_changed":false,"footnotes":""},"categories":[50,10],"tags":[],"class_list":["post-1509","post","type-post","status-publish","format-standard","has-post-thumbnail","hentry","category-poluicao-do-ar","category-qualidade-do-ar"],"acf":[],"yoast_head":"<!-- This site is optimized with the Yoast SEO plugin v24.0 - https:\/\/yoast.com\/wordpress\/plugins\/seo\/ -->\n<title>Polui\u00e7\u00e3o do ar: causas e consequ\u00eancias para a popula\u00e7\u00e3o - Sicflux<\/title>\n<meta name=\"description\" content=\"A polui\u00e7\u00e3o do ar consiste na emiss\u00e3o de alguns compostos na atmosfera e que afetam o meio ambiente, a nossa sa\u00fade e qualidade de vida.\" \/>\n<meta name=\"robots\" content=\"index, follow, max-snippet:-1, max-image-preview:large, max-video-preview:-1\" \/>\n<link rel=\"canonical\" href=\"https:\/\/sicflux.com.br\/blog\/poluicao-do-ar-causas-e-consequencias-para-a-populacao\/\" \/>\n<meta property=\"og:locale\" content=\"pt_BR\" \/>\n<meta property=\"og:type\" content=\"article\" \/>\n<meta property=\"og:title\" content=\"Polui\u00e7\u00e3o do ar: causas e consequ\u00eancias para a popula\u00e7\u00e3o - Sicflux\" \/>\n<meta property=\"og:description\" content=\"A polui\u00e7\u00e3o do ar consiste na emiss\u00e3o de alguns compostos na atmosfera e que afetam o meio ambiente, a nossa sa\u00fade e qualidade de vida.\" \/>\n<meta property=\"og:url\" content=\"https:\/\/sicflux.com.br\/blog\/poluicao-do-ar-causas-e-consequencias-para-a-populacao\/\" \/>\n<meta property=\"og:site_name\" content=\"Sicflux\" \/>\n<meta property=\"article:publisher\" content=\"https:\/\/www.facebook.com\/sicflux.profissional\/\" \/>\n<meta property=\"article:published_time\" content=\"2022-07-29T20:08:48+00:00\" \/>\n<meta property=\"article:modified_time\" content=\"2022-08-03T12:55:32+00:00\" \/>\n<meta property=\"og:image\" content=\"https:\/\/sicflux.com.br\/blog\/wp-content\/uploads\/2022\/07\/1658146634_d4ce66_adaptacao_para_blog.jpg\" \/>\n\t<meta property=\"og:image:width\" content=\"1200\" \/>\n\t<meta property=\"og:image:height\" content=\"527\" \/>\n\t<meta property=\"og:image:type\" content=\"image\/jpeg\" \/>\n<meta name=\"author\" content=\"Sicflux Brasil\" \/>\n<meta name=\"twitter:card\" content=\"summary_large_image\" \/>\n<meta name=\"twitter:label1\" content=\"Escrito por\" \/>\n\t<meta name=\"twitter:data1\" content=\"Sicflux Brasil\" \/>\n\t<meta name=\"twitter:label2\" content=\"Est. tempo de leitura\" \/>\n\t<meta name=\"twitter:data2\" content=\"4 minutos\" \/>\n<script type=\"application\/ld+json\" class=\"yoast-schema-graph\">{\"@context\":\"https:\/\/schema.org\",\"@graph\":[{\"@type\":\"Article\",\"@id\":\"https:\/\/sicflux.com.br\/blog\/poluicao-do-ar-causas-e-consequencias-para-a-populacao\/#article\",\"isPartOf\":{\"@id\":\"https:\/\/sicflux.com.br\/blog\/poluicao-do-ar-causas-e-consequencias-para-a-populacao\/\"},\"author\":{\"name\":\"Sicflux Brasil\",\"@id\":\"https:\/\/sicflux.com.br\/#\/schema\/person\/b0991863a2071fab9bb9cc7a546e04e0\"},\"headline\":\"Polui\u00e7\u00e3o do ar: causas e consequ\u00eancias para a popula\u00e7\u00e3o\",\"datePublished\":\"2022-07-29T20:08:48+00:00\",\"dateModified\":\"2022-08-03T12:55:32+00:00\",\"mainEntityOfPage\":{\"@id\":\"https:\/\/sicflux.com.br\/blog\/poluicao-do-ar-causas-e-consequencias-para-a-populacao\/\"},\"wordCount\":984,\"commentCount\":0,\"publisher\":{\"@id\":\"https:\/\/sicflux.com.br\/#organization\"},\"image\":{\"@id\":\"https:\/\/sicflux.com.br\/blog\/poluicao-do-ar-causas-e-consequencias-para-a-populacao\/#primaryimage\"},\"thumbnailUrl\":\"https:\/\/sicflux.com.br\/blog\/wp-content\/uploads\/2022\/07\/1658146634_d4ce66_adaptacao_para_blog.jpg\",\"articleSection\":[\"Polui\u00e7\u00e3o do ar\",\"Qualidade do ar\"],\"inLanguage\":\"pt-BR\",\"potentialAction\":[{\"@type\":\"CommentAction\",\"name\":\"Comment\",\"target\":[\"https:\/\/sicflux.com.br\/blog\/poluicao-do-ar-causas-e-consequencias-para-a-populacao\/#respond\"]}]},{\"@type\":\"WebPage\",\"@id\":\"https:\/\/sicflux.com.br\/blog\/poluicao-do-ar-causas-e-consequencias-para-a-populacao\/\",\"url\":\"https:\/\/sicflux.com.br\/blog\/poluicao-do-ar-causas-e-consequencias-para-a-populacao\/\",\"name\":\"Polui\u00e7\u00e3o do ar: causas e consequ\u00eancias para a popula\u00e7\u00e3o - Sicflux\",\"isPartOf\":{\"@id\":\"https:\/\/sicflux.com.br\/#website\"},\"primaryImageOfPage\":{\"@id\":\"https:\/\/sicflux.com.br\/blog\/poluicao-do-ar-causas-e-consequencias-para-a-populacao\/#primaryimage\"},\"image\":{\"@id\":\"https:\/\/sicflux.com.br\/blog\/poluicao-do-ar-causas-e-consequencias-para-a-populacao\/#primaryimage\"},\"thumbnailUrl\":\"https:\/\/sicflux.com.br\/blog\/wp-content\/uploads\/2022\/07\/1658146634_d4ce66_adaptacao_para_blog.jpg\",\"datePublished\":\"2022-07-29T20:08:48+00:00\",\"dateModified\":\"2022-08-03T12:55:32+00:00\",\"description\":\"A polui\u00e7\u00e3o do ar consiste na emiss\u00e3o de alguns compostos na atmosfera e que afetam o meio ambiente, a nossa sa\u00fade e qualidade de vida.\",\"breadcrumb\":{\"@id\":\"https:\/\/sicflux.com.br\/blog\/poluicao-do-ar-causas-e-consequencias-para-a-populacao\/#breadcrumb\"},\"inLanguage\":\"pt-BR\",\"potentialAction\":[{\"@type\":\"ReadAction\",\"target\":[\"https:\/\/sicflux.com.br\/blog\/poluicao-do-ar-causas-e-consequencias-para-a-populacao\/\"]}]},{\"@type\":\"ImageObject\",\"inLanguage\":\"pt-BR\",\"@id\":\"https:\/\/sicflux.com.br\/blog\/poluicao-do-ar-causas-e-consequencias-para-a-populacao\/#primaryimage\",\"url\":\"https:\/\/sicflux.com.br\/blog\/wp-content\/uploads\/2022\/07\/1658146634_d4ce66_adaptacao_para_blog.jpg\",\"contentUrl\":\"https:\/\/sicflux.com.br\/blog\/wp-content\/uploads\/2022\/07\/1658146634_d4ce66_adaptacao_para_blog.jpg\",\"width\":1200,\"height\":527},{\"@type\":\"BreadcrumbList\",\"@id\":\"https:\/\/sicflux.com.br\/blog\/poluicao-do-ar-causas-e-consequencias-para-a-populacao\/#breadcrumb\",\"itemListElement\":[{\"@type\":\"ListItem\",\"position\":1,\"name\":\"In\u00edcio\",\"item\":\"https:\/\/sicflux.com.br\/\"},{\"@type\":\"ListItem\",\"position\":2,\"name\":\"Polui\u00e7\u00e3o do ar: causas e consequ\u00eancias para a popula\u00e7\u00e3o\"}]},{\"@type\":\"WebSite\",\"@id\":\"https:\/\/sicflux.com.br\/#website\",\"url\":\"https:\/\/sicflux.com.br\/\",\"name\":\"Sicflux Brasil\",\"description\":\"Ar em movimento\",\"publisher\":{\"@id\":\"https:\/\/sicflux.com.br\/#organization\"},\"alternateName\":\"Sicflux Brasil\",\"potentialAction\":[{\"@type\":\"SearchAction\",\"target\":{\"@type\":\"EntryPoint\",\"urlTemplate\":\"https:\/\/sicflux.com.br\/?s={search_term_string}\"},\"query-input\":{\"@type\":\"PropertyValueSpecification\",\"valueRequired\":true,\"valueName\":\"search_term_string\"}}],\"inLanguage\":\"pt-BR\"},{\"@type\":\"Organization\",\"@id\":\"https:\/\/sicflux.com.br\/#organization\",\"name\":\"Sicflux Brasil\",\"alternateName\":\"Sicflux Brasil\",\"url\":\"https:\/\/sicflux.com.br\/\",\"logo\":{\"@type\":\"ImageObject\",\"inLanguage\":\"pt-BR\",\"@id\":\"https:\/\/sicflux.com.br\/#\/schema\/logo\/image\/\",\"url\":\"https:\/\/sicflux.com.br\/blog\/wp-content\/uploads\/2019\/09\/logo-sicflux-1.png\",\"contentUrl\":\"https:\/\/sicflux.com.br\/blog\/wp-content\/uploads\/2019\/09\/logo-sicflux-1.png\",\"width\":600,\"height\":169,\"caption\":\"Sicflux Brasil\"},\"image\":{\"@id\":\"https:\/\/sicflux.com.br\/#\/schema\/logo\/image\/\"},\"sameAs\":[\"https:\/\/www.facebook.com\/sicflux.profissional\/\",\"https:\/\/www.instagram.com\/sicflux\/\",\"https:\/\/www.linkedin.com\/company\/sicflux\/\"]},{\"@type\":\"Person\",\"@id\":\"https:\/\/sicflux.com.br\/#\/schema\/person\/b0991863a2071fab9bb9cc7a546e04e0\",\"name\":\"Sicflux Brasil\",\"image\":{\"@type\":\"ImageObject\",\"inLanguage\":\"pt-BR\",\"@id\":\"https:\/\/sicflux.com.br\/#\/schema\/person\/image\/\",\"url\":\"https:\/\/secure.gravatar.com\/avatar\/27089a835d9c4ab26557590e093588b0?s=96&d=mm&r=g\",\"contentUrl\":\"https:\/\/secure.gravatar.com\/avatar\/27089a835d9c4ab26557590e093588b0?s=96&d=mm&r=g\",\"caption\":\"Sicflux Brasil\"}}]}<\/script>\n<!-- \/ Yoast SEO plugin. -->","yoast_head_json":{"title":"Polui\u00e7\u00e3o do ar: causas e consequ\u00eancias para a popula\u00e7\u00e3o - Sicflux","description":"A polui\u00e7\u00e3o do ar consiste na emiss\u00e3o de alguns compostos na atmosfera e que afetam o meio ambiente, a nossa sa\u00fade e qualidade de vida.","robots":{"index":"index","follow":"follow","max-snippet":"max-snippet:-1","max-image-preview":"max-image-preview:large","max-video-preview":"max-video-preview:-1"},"canonical":"https:\/\/sicflux.com.br\/blog\/poluicao-do-ar-causas-e-consequencias-para-a-populacao\/","og_locale":"pt_BR","og_type":"article","og_title":"Polui\u00e7\u00e3o do ar: causas e consequ\u00eancias para a popula\u00e7\u00e3o - Sicflux","og_description":"A polui\u00e7\u00e3o do ar consiste na emiss\u00e3o de alguns compostos na atmosfera e que afetam o meio ambiente, a nossa sa\u00fade e qualidade de vida.","og_url":"https:\/\/sicflux.com.br\/blog\/poluicao-do-ar-causas-e-consequencias-para-a-populacao\/","og_site_name":"Sicflux","article_publisher":"https:\/\/www.facebook.com\/sicflux.profissional\/","article_published_time":"2022-07-29T20:08:48+00:00","article_modified_time":"2022-08-03T12:55:32+00:00","og_image":[{"width":1200,"height":527,"url":"https:\/\/sicflux.com.br\/blog\/wp-content\/uploads\/2022\/07\/1658146634_d4ce66_adaptacao_para_blog.jpg","type":"image\/jpeg"}],"author":"Sicflux Brasil","twitter_card":"summary_large_image","twitter_misc":{"Escrito por":"Sicflux Brasil","Est. tempo de leitura":"4 minutos"},"schema":{"@context":"https:\/\/schema.org","@graph":[{"@type":"Article","@id":"https:\/\/sicflux.com.br\/blog\/poluicao-do-ar-causas-e-consequencias-para-a-populacao\/#article","isPartOf":{"@id":"https:\/\/sicflux.com.br\/blog\/poluicao-do-ar-causas-e-consequencias-para-a-populacao\/"},"author":{"name":"Sicflux Brasil","@id":"https:\/\/sicflux.com.br\/#\/schema\/person\/b0991863a2071fab9bb9cc7a546e04e0"},"headline":"Polui\u00e7\u00e3o do ar: causas e consequ\u00eancias para a popula\u00e7\u00e3o","datePublished":"2022-07-29T20:08:48+00:00","dateModified":"2022-08-03T12:55:32+00:00","mainEntityOfPage":{"@id":"https:\/\/sicflux.com.br\/blog\/poluicao-do-ar-causas-e-consequencias-para-a-populacao\/"},"wordCount":984,"commentCount":0,"publisher":{"@id":"https:\/\/sicflux.com.br\/#organization"},"image":{"@id":"https:\/\/sicflux.com.br\/blog\/poluicao-do-ar-causas-e-consequencias-para-a-populacao\/#primaryimage"},"thumbnailUrl":"https:\/\/sicflux.com.br\/blog\/wp-content\/uploads\/2022\/07\/1658146634_d4ce66_adaptacao_para_blog.jpg","articleSection":["Polui\u00e7\u00e3o do ar","Qualidade do ar"],"inLanguage":"pt-BR","potentialAction":[{"@type":"CommentAction","name":"Comment","target":["https:\/\/sicflux.com.br\/blog\/poluicao-do-ar-causas-e-consequencias-para-a-populacao\/#respond"]}]},{"@type":"WebPage","@id":"https:\/\/sicflux.com.br\/blog\/poluicao-do-ar-causas-e-consequencias-para-a-populacao\/","url":"https:\/\/sicflux.com.br\/blog\/poluicao-do-ar-causas-e-consequencias-para-a-populacao\/","name":"Polui\u00e7\u00e3o do ar: causas e consequ\u00eancias para a popula\u00e7\u00e3o - Sicflux","isPartOf":{"@id":"https:\/\/sicflux.com.br\/#website"},"primaryImageOfPage":{"@id":"https:\/\/sicflux.com.br\/blog\/poluicao-do-ar-causas-e-consequencias-para-a-populacao\/#primaryimage"},"image":{"@id":"https:\/\/sicflux.com.br\/blog\/poluicao-do-ar-causas-e-consequencias-para-a-populacao\/#primaryimage"},"thumbnailUrl":"https:\/\/sicflux.com.br\/blog\/wp-content\/uploads\/2022\/07\/1658146634_d4ce66_adaptacao_para_blog.jpg","datePublished":"2022-07-29T20:08:48+00:00","dateModified":"2022-08-03T12:55:32+00:00","description":"A polui\u00e7\u00e3o do ar consiste na emiss\u00e3o de alguns compostos na atmosfera e que afetam o meio ambiente, a nossa sa\u00fade e qualidade de vida.","breadcrumb":{"@id":"https:\/\/sicflux.com.br\/blog\/poluicao-do-ar-causas-e-consequencias-para-a-populacao\/#breadcrumb"},"inLanguage":"pt-BR","potentialAction":[{"@type":"ReadAction","target":["https:\/\/sicflux.com.br\/blog\/poluicao-do-ar-causas-e-consequencias-para-a-populacao\/"]}]},{"@type":"ImageObject","inLanguage":"pt-BR","@id":"https:\/\/sicflux.com.br\/blog\/poluicao-do-ar-causas-e-consequencias-para-a-populacao\/#primaryimage","url":"https:\/\/sicflux.com.br\/blog\/wp-content\/uploads\/2022\/07\/1658146634_d4ce66_adaptacao_para_blog.jpg","contentUrl":"https:\/\/sicflux.com.br\/blog\/wp-content\/uploads\/2022\/07\/1658146634_d4ce66_adaptacao_para_blog.jpg","width":1200,"height":527},{"@type":"BreadcrumbList","@id":"https:\/\/sicflux.com.br\/blog\/poluicao-do-ar-causas-e-consequencias-para-a-populacao\/#breadcrumb","itemListElement":[{"@type":"ListItem","position":1,"name":"In\u00edcio","item":"https:\/\/sicflux.com.br\/"},{"@type":"ListItem","position":2,"name":"Polui\u00e7\u00e3o do ar: causas e consequ\u00eancias para a popula\u00e7\u00e3o"}]},{"@type":"WebSite","@id":"https:\/\/sicflux.com.br\/#website","url":"https:\/\/sicflux.com.br\/","name":"Sicflux Brasil","description":"Ar em movimento","publisher":{"@id":"https:\/\/sicflux.com.br\/#organization"},"alternateName":"Sicflux Brasil","potentialAction":[{"@type":"SearchAction","target":{"@type":"EntryPoint","urlTemplate":"https:\/\/sicflux.com.br\/?s={search_term_string}"},"query-input":{"@type":"PropertyValueSpecification","valueRequired":true,"valueName":"search_term_string"}}],"inLanguage":"pt-BR"},{"@type":"Organization","@id":"https:\/\/sicflux.com.br\/#organization","name":"Sicflux Brasil","alternateName":"Sicflux Brasil","url":"https:\/\/sicflux.com.br\/","logo":{"@type":"ImageObject","inLanguage":"pt-BR","@id":"https:\/\/sicflux.com.br\/#\/schema\/logo\/image\/","url":"https:\/\/sicflux.com.br\/blog\/wp-content\/uploads\/2019\/09\/logo-sicflux-1.png","contentUrl":"https:\/\/sicflux.com.br\/blog\/wp-content\/uploads\/2019\/09\/logo-sicflux-1.png","width":600,"height":169,"caption":"Sicflux Brasil"},"image":{"@id":"https:\/\/sicflux.com.br\/#\/schema\/logo\/image\/"},"sameAs":["https:\/\/www.facebook.com\/sicflux.profissional\/","https:\/\/www.instagram.com\/sicflux\/","https:\/\/www.linkedin.com\/company\/sicflux\/"]},{"@type":"Person","@id":"https:\/\/sicflux.com.br\/#\/schema\/person\/b0991863a2071fab9bb9cc7a546e04e0","name":"Sicflux Brasil","image":{"@type":"ImageObject","inLanguage":"pt-BR","@id":"https:\/\/sicflux.com.br\/#\/schema\/person\/image\/","url":"https:\/\/secure.gravatar.com\/avatar\/27089a835d9c4ab26557590e093588b0?s=96&d=mm&r=g","contentUrl":"https:\/\/secure.gravatar.com\/avatar\/27089a835d9c4ab26557590e093588b0?s=96&d=mm&r=g","caption":"Sicflux Brasil"}}]}},"_links":{"self":[{"href":"https:\/\/sicflux.com.br\/blog\/wp-json\/wp\/v2\/posts\/1509","targetHints":{"allow":["GET"]}}],"collection":[{"href":"https:\/\/sicflux.com.br\/blog\/wp-json\/wp\/v2\/posts"}],"about":[{"href":"https:\/\/sicflux.com.br\/blog\/wp-json\/wp\/v2\/types\/post"}],"author":[{"embeddable":true,"href":"https:\/\/sicflux.com.br\/blog\/wp-json\/wp\/v2\/users\/1"}],"replies":[{"embeddable":true,"href":"https:\/\/sicflux.com.br\/blog\/wp-json\/wp\/v2\/comments?post=1509"}],"version-history":[{"count":0,"href":"https:\/\/sicflux.com.br\/blog\/wp-json\/wp\/v2\/posts\/1509\/revisions"}],"wp:featuredmedia":[{"embeddable":true,"href":"https:\/\/sicflux.com.br\/blog\/wp-json\/wp\/v2\/media\/1499"}],"wp:attachment":[{"href":"https:\/\/sicflux.com.br\/blog\/wp-json\/wp\/v2\/media?parent=1509"}],"wp:term":[{"taxonomy":"category","embeddable":true,"href":"https:\/\/sicflux.com.br\/blog\/wp-json\/wp\/v2\/categories?post=1509"},{"taxonomy":"post_tag","embeddable":true,"href":"https:\/\/sicflux.com.br\/blog\/wp-json\/wp\/v2\/tags?post=1509"}],"curies":[{"name":"wp","href":"https:\/\/api.w.org\/{rel}","templated":true}]}}