{"id":1553,"date":"2022-09-06T13:59:48","date_gmt":"2022-09-06T16:59:48","guid":{"rendered":"https:\/\/sicflux.com.br\/blog\/?p=1553"},"modified":"2022-09-06T13:59:48","modified_gmt":"2022-09-06T16:59:48","slug":"arquitetura-passiva-conheca-o-modelo-arquitetonico-sustentavel","status":"publish","type":"post","link":"https:\/\/sicflux.com.br\/blog\/arquitetura-passiva-conheca-o-modelo-arquitetonico-sustentavel\/","title":{"rendered":"Arquitetura passiva: conhe\u00e7a o modelo arquitet\u00f4nico sustent\u00e1vel"},"content":{"rendered":"<div id=\"ez-toc-container\" class=\"ez-toc-v2_0_69_1 counter-hierarchy ez-toc-counter ez-toc-custom ez-toc-container-direction\">\n<p class=\"ez-toc-title\" style=\"cursor:inherit\">\u00cdndice<\/p>\n<label for=\"ez-toc-cssicon-toggle-item-69f5afabc2c8a\" class=\"ez-toc-cssicon-toggle-label\"><span class=\"\"><span class=\"eztoc-hide\" style=\"display:none;\">Toggle<\/span><span class=\"ez-toc-icon-toggle-span\"><svg style=\"fill: #999;color:#999\" xmlns=\"http:\/\/www.w3.org\/2000\/svg\" class=\"list-377408\" width=\"20px\" height=\"20px\" viewBox=\"0 0 24 24\" fill=\"none\"><path d=\"M6 6H4v2h2V6zm14 0H8v2h12V6zM4 11h2v2H4v-2zm16 0H8v2h12v-2zM4 16h2v2H4v-2zm16 0H8v2h12v-2z\" fill=\"currentColor\"><\/path><\/svg><svg style=\"fill: #999;color:#999\" class=\"arrow-unsorted-368013\" xmlns=\"http:\/\/www.w3.org\/2000\/svg\" width=\"10px\" height=\"10px\" viewBox=\"0 0 24 24\" version=\"1.2\" baseProfile=\"tiny\"><path d=\"M18.2 9.3l-6.2-6.3-6.2 6.3c-.2.2-.3.4-.3.7s.1.5.3.7c.2.2.4.3.7.3h11c.3 0 .5-.1.7-.3.2-.2.3-.5.3-.7s-.1-.5-.3-.7zM5.8 14.7l6.2 6.3 6.2-6.3c.2-.2.3-.5.3-.7s-.1-.5-.3-.7c-.2-.2-.4-.3-.7-.3h-11c-.3 0-.5.1-.7.3-.2.2-.3.5-.3.7s.1.5.3.7z\"\/><\/svg><\/span><\/span><\/label><input type=\"checkbox\"  id=\"ez-toc-cssicon-toggle-item-69f5afabc2c8a\"  aria-label=\"Toggle\" \/><nav><ul class='ez-toc-list ez-toc-list-level-1 ' ><li class='ez-toc-page-1 ez-toc-heading-level-2'><a class=\"ez-toc-link ez-toc-heading-1\" href=\"https:\/\/sicflux.com.br\/blog\/arquitetura-passiva-conheca-o-modelo-arquitetonico-sustentavel\/#O_que_e_arquitetura_passiva\" title=\"O que \u00e9 arquitetura passiva?\">O que \u00e9 arquitetura passiva?<\/a><\/li><li class='ez-toc-page-1 ez-toc-heading-level-2'><a class=\"ez-toc-link ez-toc-heading-2\" href=\"https:\/\/sicflux.com.br\/blog\/arquitetura-passiva-conheca-o-modelo-arquitetonico-sustentavel\/#Os_principios_da_arquitetura_passiva_para_o_conforto_termico_nas_casas\" title=\"Os princ\u00edpios da arquitetura passiva para o conforto t\u00e9rmico nas casas\">Os princ\u00edpios da arquitetura passiva para o conforto t\u00e9rmico nas casas<\/a><ul class='ez-toc-list-level-3' ><li class='ez-toc-heading-level-3'><a class=\"ez-toc-link ez-toc-heading-3\" href=\"https:\/\/sicflux.com.br\/blog\/arquitetura-passiva-conheca-o-modelo-arquitetonico-sustentavel\/#Superisolamento_termico\" title=\"Superisolamento t\u00e9rmico\">Superisolamento t\u00e9rmico<\/a><\/li><li class='ez-toc-page-1 ez-toc-heading-level-3'><a class=\"ez-toc-link ez-toc-heading-4\" href=\"https:\/\/sicflux.com.br\/blog\/arquitetura-passiva-conheca-o-modelo-arquitetonico-sustentavel\/#Eliminar_pontes_termicas\" title=\"Eliminar pontes t\u00e9rmicas\">Eliminar pontes t\u00e9rmicas<\/a><\/li><li class='ez-toc-page-1 ez-toc-heading-level-3'><a class=\"ez-toc-link ez-toc-heading-5\" href=\"https:\/\/sicflux.com.br\/blog\/arquitetura-passiva-conheca-o-modelo-arquitetonico-sustentavel\/#Planejamento_arquitetonico\" title=\"Planejamento arquitet\u00f4nico\">Planejamento arquitet\u00f4nico<\/a><\/li><li class='ez-toc-page-1 ez-toc-heading-level-3'><a class=\"ez-toc-link ez-toc-heading-6\" href=\"https:\/\/sicflux.com.br\/blog\/arquitetura-passiva-conheca-o-modelo-arquitetonico-sustentavel\/#Instalacao_de_projetos_de_climatizacao_mais_sustentavel\" title=\"Instala\u00e7\u00e3o de projetos de climatiza\u00e7\u00e3o mais sustent\u00e1vel\">Instala\u00e7\u00e3o de projetos de climatiza\u00e7\u00e3o mais sustent\u00e1vel<\/a><\/li><\/ul><\/li><\/ul><\/nav><\/div>\n\n<figure class=\"wp-block-image size-large\"><img decoding=\"async\" width=\"1200\" height=\"527\" src=\"https:\/\/sicflux.com.br\/blog\/wp-content\/uploads\/2022\/09\/1662482696_14ee4f_links02.jpg\" alt=\"\" class=\"wp-image-1554\" srcset=\"https:\/\/sicflux.com.br\/blog\/wp-content\/uploads\/2022\/09\/1662482696_14ee4f_links02.jpg 1200w, https:\/\/sicflux.com.br\/blog\/wp-content\/uploads\/2022\/09\/1662482696_14ee4f_links02-300x132.jpg 300w, https:\/\/sicflux.com.br\/blog\/wp-content\/uploads\/2022\/09\/1662482696_14ee4f_links02-768x337.jpg 768w\" sizes=\"(max-width: 1200px) 100vw, 1200px\" \/><\/figure>\n\n\n\n<p>Mudan\u00e7as clim\u00e1ticas causando ondas de calor e frentes frias, aumento do pre\u00e7o da energia el\u00e9trica e dos combust\u00edveis: manter sua casa aquecida nos dias frios e resfriada nos dias de calor pode ficar cada vez mais caro &#8211; at\u00e9 problem\u00e1tico em alguns lugares.<\/p>\n\n\n\n<p>Ao longo de poucas d\u00e9cadas, v\u00e1rias regi\u00f5es da Terra tiveram seu clima completamente bagun\u00e7ado e sofreram com condi\u00e7\u00f5es meteorol\u00f3gicas extremas. Manejar o <a href=\"https:\/\/www.bbc.com\/portuguese\/geral-62434458\" target=\"_blank\" rel=\"noreferrer noopener\">conforto t\u00e9rmico nas casas<\/a>, apartamentos e empresas deve ficar um pouco dif\u00edcil nessas condi\u00e7\u00f5es.<\/p>\n\n\n\n<p>Contudo, existem solu\u00e7\u00f5es que podem ser tomadas para adaptar qualquer edifica\u00e7\u00e3o \u00e0s mudan\u00e7as clim\u00e1ticas que s\u00f3 vem aumentando com os anos. A arquitetura passiva \u00e9 uma promessa para facilitar o controle da climatiza\u00e7\u00e3o nos ambientes sem exigir muito esfor\u00e7o dos moradores.<\/p>\n\n\n\n<h2 class=\"wp-block-heading\"><span class=\"ez-toc-section\" id=\"O_que_e_arquitetura_passiva\"><\/span><strong>O que \u00e9 arquitetura passiva?<\/strong><span class=\"ez-toc-section-end\"><\/span><\/h2>\n\n\n\n<p>Diante das mudan\u00e7as clim\u00e1ticas causadas por fatores naturais ou pela a\u00e7\u00e3o humana, manejar o conforto t\u00e9rmico das casas ficou mais caro ao longo dos anos. A arquitetura passiva surge, ent\u00e3o, como uma solu\u00e7\u00e3o para esses problemas.<\/p>\n\n\n\n<p>Apesar de ser um conceito ainda em ascens\u00e3o no mundo moderno, a arquitetura passiva existe desde os tempos prim\u00f3rdios. Diferentes povos adotaram, ao longo da hist\u00f3ria, recursos dispon\u00edveis em seus respectivos tempos para adaptar-se ao tempo e ao clima.<\/p>\n\n\n\n<p>Com o objetivo de evitar a perda de calor nos meses mais frios do ano e de armazenar o frio nas \u00e9pocas de calor, limitando ao m\u00e1ximo o consumo de energia nas casas, a arquitetura passiva consiste em m\u00e9todos de constru\u00e7\u00e3o que facilitem a adapta\u00e7\u00e3o das casas a todos os climas.<\/p>\n\n\n\n<p>Por exemplo, em 1970, durante a crise do petr\u00f3leo, surgiu a necessidade de adotar, mais uma vez, o conceito de efici\u00eancia energ\u00e9tica.<\/p>\n\n\n\n<p>Dessa forma, o conceito de arquitetura passiva come\u00e7ou a se popularizar entre os estudiosos e profissionais da arquitetura. Foram desenvolvidos e estudados diversos sistemas de moradia passiva e sustent\u00e1vel.<\/p>\n\n\n\n<p>| Leia tamb\u00e9m:<a href=\"https:\/\/sicflux.com.br\/blog\/lei-pmoc-o-que-e-e-qual-a-sua-importancia\/\" target=\"_blank\" rel=\"noreferrer noopener\"> <strong>Lei PMOC: o que \u00e9 e qual a sua import\u00e2ncia?<\/strong><\/a><\/p>\n\n\n\n<figure class=\"wp-block-image size-large\"><img decoding=\"async\" width=\"1200\" height=\"527\" src=\"https:\/\/sicflux.com.br\/blog\/wp-content\/uploads\/2022\/09\/1662482697_b37792_links03.jpg\" alt=\"\" class=\"wp-image-1555\" srcset=\"https:\/\/sicflux.com.br\/blog\/wp-content\/uploads\/2022\/09\/1662482697_b37792_links03.jpg 1200w, https:\/\/sicflux.com.br\/blog\/wp-content\/uploads\/2022\/09\/1662482697_b37792_links03-300x132.jpg 300w, https:\/\/sicflux.com.br\/blog\/wp-content\/uploads\/2022\/09\/1662482697_b37792_links03-768x337.jpg 768w\" sizes=\"(max-width: 1200px) 100vw, 1200px\" \/><\/figure>\n\n\n\n<h2 class=\"wp-block-heading\"><span class=\"ez-toc-section\" id=\"Os_principios_da_arquitetura_passiva_para_o_conforto_termico_nas_casas\"><\/span><strong>Os princ\u00edpios da arquitetura passiva para o conforto t\u00e9rmico nas casas<\/strong><span class=\"ez-toc-section-end\"><\/span><\/h2>\n\n\n\n<p>De acordo com Berthold Kaufmann, cientista alem\u00e3o do Instituto Passivhaus, a ideia de economia de energia n\u00e3o deve ser uma preocupa\u00e7\u00e3o exclusiva dos moradores, mas tamb\u00e9m uma responsabilidade t\u00e9cnica a ser resolvida com componentes no projeto arquitet\u00f4nico das casas.<\/p>\n\n\n\n<p>Ou seja, diminuir o consumo de energia el\u00e9trica n\u00e3o \u00e9 apenas sobre abaixar o termostato das casas, desligar o ar-condicionado, usar mais agasalhos e cobertores ou acostumar com o calor do ver\u00e3o: a arquitetura deve ser a principal ferramenta nesse sentido.<\/p>\n\n\n\n<p>A arquitetura passiva segue uma s\u00e9rie de princ\u00edpios b\u00e1sicos que devem ser aplicados para o melhor aproveitamento da estrutura da casa, promovendo maior conforto t\u00e9rmico e menor consumo de energia.<\/p>\n\n\n\n<h3 class=\"wp-block-heading\"><span class=\"ez-toc-section\" id=\"Superisolamento_termico\"><\/span><strong>Superisolamento t\u00e9rmico<\/strong><span class=\"ez-toc-section-end\"><\/span><\/h3>\n\n\n\n<p>Em resumo, a casa passiva deve ser auto-suficiente e possuir alta efici\u00eancia energ\u00e9tica, isso se d\u00e1 com a ado\u00e7\u00e3o de estruturas que permitam maior isolamento das temperaturas dos ambientes, evitando, assim, o alto consumo de energia para aquecer ou resfriar a casa.<\/p>\n\n\n\n<h3 class=\"wp-block-heading\"><span class=\"ez-toc-section\" id=\"Eliminar_pontes_termicas\"><\/span><strong>Eliminar pontes t\u00e9rmicas<\/strong><span class=\"ez-toc-section-end\"><\/span><\/h3>\n\n\n\n<p>As pontes t\u00e9rmicas s\u00e3o respons\u00e1veis pela condu\u00e7\u00e3o de calor para dentro da casa e s\u00e3o produzidas a partir da estabilidade da fachada da casa, que se debilita pela inser\u00e7\u00e3o de elementos construtivos, como portas e janelas. O projeto arquitet\u00f4nico passivo prev\u00ea a elimina\u00e7\u00e3o dessas pontes t\u00e9rmicas que servem como fuga do frio e do calor.<\/p>\n\n\n\n<h3 class=\"wp-block-heading\"><span class=\"ez-toc-section\" id=\"Planejamento_arquitetonico\"><\/span><strong>Planejamento arquitet\u00f4nico<\/strong><span class=\"ez-toc-section-end\"><\/span><\/h3>\n\n\n\n<p>A parte mais fundamental da constru\u00e7\u00e3o de uma casa passiva \u00e9 a personaliza\u00e7\u00e3o da planta e das particularidades da casa, escolhidas pelo propriet\u00e1rio. \u00c9 no processo de planejamento e desenho da constru\u00e7\u00e3o que devem ser avaliadas as possibilidades para climatizar a casa naturalmente.<\/p>\n\n\n\n<figure class=\"wp-block-image size-large\"><img decoding=\"async\" width=\"1200\" height=\"527\" src=\"https:\/\/sicflux.com.br\/blog\/wp-content\/uploads\/2022\/09\/1662482695_324bc6_links01.jpg\" alt=\"\" class=\"wp-image-1556\" srcset=\"https:\/\/sicflux.com.br\/blog\/wp-content\/uploads\/2022\/09\/1662482695_324bc6_links01.jpg 1200w, https:\/\/sicflux.com.br\/blog\/wp-content\/uploads\/2022\/09\/1662482695_324bc6_links01-300x132.jpg 300w, https:\/\/sicflux.com.br\/blog\/wp-content\/uploads\/2022\/09\/1662482695_324bc6_links01-768x337.jpg 768w\" sizes=\"(max-width: 1200px) 100vw, 1200px\" \/><\/figure>\n\n\n\n<h3 class=\"wp-block-heading\"><span class=\"ez-toc-section\" id=\"Instalacao_de_projetos_de_climatizacao_mais_sustentavel\"><\/span><strong>Instala\u00e7\u00e3o de projetos de climatiza\u00e7\u00e3o mais sustent\u00e1vel<\/strong><span class=\"ez-toc-section-end\"><\/span><\/h3>\n\n\n\n<p>Al\u00e9m disso, outra possibilidade para tornar sua casa adepta da arquitetura passiva \u00e9 na parte da climatiza\u00e7\u00e3o artificial: se n\u00e3o for poss\u00edvel aproveitar ao m\u00e1ximo a ventila\u00e7\u00e3o natural e a capta\u00e7\u00e3o da luz solar, voc\u00ea pode buscar por aparelhos de climatiza\u00e7\u00e3o que auxiliem nesse sentido.<\/p>\n\n\n\n<p>Sendo assim, a Sicflux disp\u00f5e em seu cat\u00e1logo a linha de insufladores de ar CRS, que propiciam dupla opera\u00e7\u00e3o no sistema de climatiza\u00e7\u00e3o da casa: ao mesmo tempo que insufla o ar limpo e fresco, ele exausta o ar antigo do ambiente.<\/p>\n\n\n\n<ul class=\"wp-block-list\"><li>O CRS foi desenvolvido para realizar o processo de exaust\u00e3o e insuflamento do ar em um \u00fanico aparelho, economizando espa\u00e7o no projeto arquitet\u00f4nico;<\/li><li>Possui filtros dentro dos padr\u00f5es da Norma Brasileira 16401;<\/li><li>Sua estrutura facilita o acesso ao filtro para realizar manuten\u00e7\u00f5es;<\/li><li>Tem efici\u00eancia na recupera\u00e7\u00e3o t\u00e9rmica em cerca de 68% e 65% na recupera\u00e7\u00e3o da umidade.<\/li><\/ul>\n\n\n\n<p>Ao extrair o ar do interior do ambiente, o CRS transfere a energia t\u00e9rmica para as placas de recuperador de papel, aquecendo ou resfriando o fluxo de ar proveniente do exterior. O recuperador evita a perda de calor, diminuindo o consumo de energia para aquecimento durante os dias mais frios e para o resfriamento nos dias de calor: tudo isso no mesmo processo e sem custos adicionais \u00e0 conta de energia.<\/p>\n\n\n\n<p>Quer tornar sua casa mais sustent\u00e1vel, eficiente e auto-suficiente? Acesse a nossa calculadora para saber quais equipamentos atendem melhor \u00e0s necessidades da sua casa!<\/p>\n\n\n\n<div class=\"wp-block-buttons is-layout-flex wp-block-buttons-is-layout-flex\">\n<div class=\"wp-block-button has-custom-width wp-block-button__width-100\"><a class=\"wp-block-button__link has-white-color has-vivid-cyan-blue-background-color has-text-color has-background\" href=\"https:\/\/materiais.sicflux.com.br\/solucoes-completas-em-renovacao-de-ar?_ga=2.224327067.1652380856.1661351662-1453399651.1656594819&amp;_gl=1*1u4mrqw*_ga*MTQ1MzM5OTY1MS4xNjU2NTk0ODE5*_ga_EMF4FEDEB9*MTY2MTM2MDk1OS4yNC4xLjE2NjEzNjA5NzcuMC4wLjA.\" target=\"_blank\" rel=\"noreferrer noopener\">Conhe\u00e7a nossas solu\u00e7\u00f5es para renova\u00e7\u00e3o do ar<\/a><\/div>\n<\/div>\n","protected":false},"excerpt":{"rendered":"<p>Mudan\u00e7as clim\u00e1ticas causando ondas de calor e frentes frias, aumento do pre\u00e7o da energia el\u00e9trica e dos combust\u00edveis: manter sua casa aquecida nos dias frios e resfriada nos dias de calor pode ficar cada vez&#8230;<\/p>\n","protected":false},"author":1,"featured_media":1554,"comment_status":"open","ping_status":"open","sticky":true,"template":"","format":"standard","meta":{"_acf_changed":false,"footnotes":""},"categories":[1],"tags":[],"class_list":["post-1553","post","type-post","status-publish","format-standard","has-post-thumbnail","hentry","category-sem-categoria"],"acf":[],"yoast_head":"<!-- This site is optimized with the Yoast SEO plugin v24.0 - https:\/\/yoast.com\/wordpress\/plugins\/seo\/ -->\n<title>Arquitetura passiva: conhe\u00e7a o modelo arquitet\u00f4nico sustent\u00e1vel - Sicflux<\/title>\n<meta name=\"description\" content=\"Uma nova tend\u00eancia de casas que utilizam da sua pr\u00f3pria arquitetura para manter o conforto t\u00e9rmico est\u00e1 se erguendo: conhe\u00e7a a arquitetura passiva.\" \/>\n<meta name=\"robots\" content=\"index, follow, max-snippet:-1, max-image-preview:large, max-video-preview:-1\" \/>\n<link rel=\"canonical\" href=\"https:\/\/sicflux.com.br\/blog\/arquitetura-passiva-conheca-o-modelo-arquitetonico-sustentavel\/\" \/>\n<meta property=\"og:locale\" content=\"pt_BR\" \/>\n<meta property=\"og:type\" content=\"article\" \/>\n<meta property=\"og:title\" content=\"Arquitetura passiva: conhe\u00e7a o modelo arquitet\u00f4nico sustent\u00e1vel - Sicflux\" \/>\n<meta property=\"og:description\" content=\"Uma nova tend\u00eancia de casas que utilizam da sua pr\u00f3pria arquitetura para manter o conforto t\u00e9rmico est\u00e1 se erguendo: conhe\u00e7a a arquitetura passiva.\" \/>\n<meta property=\"og:url\" content=\"https:\/\/sicflux.com.br\/blog\/arquitetura-passiva-conheca-o-modelo-arquitetonico-sustentavel\/\" \/>\n<meta property=\"og:site_name\" content=\"Sicflux\" \/>\n<meta property=\"article:publisher\" content=\"https:\/\/www.facebook.com\/sicflux.profissional\/\" \/>\n<meta property=\"article:published_time\" content=\"2022-09-06T16:59:48+00:00\" \/>\n<meta property=\"og:image\" content=\"https:\/\/sicflux.com.br\/blog\/wp-content\/uploads\/2022\/09\/1662482696_14ee4f_links02.jpg\" \/>\n\t<meta property=\"og:image:width\" content=\"1200\" \/>\n\t<meta property=\"og:image:height\" content=\"527\" \/>\n\t<meta property=\"og:image:type\" content=\"image\/jpeg\" \/>\n<meta name=\"author\" content=\"Sicflux Brasil\" \/>\n<meta name=\"twitter:card\" content=\"summary_large_image\" \/>\n<meta name=\"twitter:label1\" content=\"Escrito por\" \/>\n\t<meta name=\"twitter:data1\" content=\"Sicflux Brasil\" \/>\n\t<meta name=\"twitter:label2\" content=\"Est. tempo de leitura\" \/>\n\t<meta name=\"twitter:data2\" content=\"5 minutos\" \/>\n<script type=\"application\/ld+json\" class=\"yoast-schema-graph\">{\"@context\":\"https:\/\/schema.org\",\"@graph\":[{\"@type\":\"Article\",\"@id\":\"https:\/\/sicflux.com.br\/blog\/arquitetura-passiva-conheca-o-modelo-arquitetonico-sustentavel\/#article\",\"isPartOf\":{\"@id\":\"https:\/\/sicflux.com.br\/blog\/arquitetura-passiva-conheca-o-modelo-arquitetonico-sustentavel\/\"},\"author\":{\"name\":\"Sicflux Brasil\",\"@id\":\"https:\/\/sicflux.com.br\/#\/schema\/person\/b0991863a2071fab9bb9cc7a546e04e0\"},\"headline\":\"Arquitetura passiva: conhe\u00e7a o modelo arquitet\u00f4nico sustent\u00e1vel\",\"datePublished\":\"2022-09-06T16:59:48+00:00\",\"dateModified\":\"2022-09-06T16:59:48+00:00\",\"mainEntityOfPage\":{\"@id\":\"https:\/\/sicflux.com.br\/blog\/arquitetura-passiva-conheca-o-modelo-arquitetonico-sustentavel\/\"},\"wordCount\":938,\"commentCount\":0,\"publisher\":{\"@id\":\"https:\/\/sicflux.com.br\/#organization\"},\"image\":{\"@id\":\"https:\/\/sicflux.com.br\/blog\/arquitetura-passiva-conheca-o-modelo-arquitetonico-sustentavel\/#primaryimage\"},\"thumbnailUrl\":\"https:\/\/sicflux.com.br\/blog\/wp-content\/uploads\/2022\/09\/1662482696_14ee4f_links02.jpg\",\"inLanguage\":\"pt-BR\",\"potentialAction\":[{\"@type\":\"CommentAction\",\"name\":\"Comment\",\"target\":[\"https:\/\/sicflux.com.br\/blog\/arquitetura-passiva-conheca-o-modelo-arquitetonico-sustentavel\/#respond\"]}]},{\"@type\":\"WebPage\",\"@id\":\"https:\/\/sicflux.com.br\/blog\/arquitetura-passiva-conheca-o-modelo-arquitetonico-sustentavel\/\",\"url\":\"https:\/\/sicflux.com.br\/blog\/arquitetura-passiva-conheca-o-modelo-arquitetonico-sustentavel\/\",\"name\":\"Arquitetura passiva: conhe\u00e7a o modelo arquitet\u00f4nico sustent\u00e1vel - Sicflux\",\"isPartOf\":{\"@id\":\"https:\/\/sicflux.com.br\/#website\"},\"primaryImageOfPage\":{\"@id\":\"https:\/\/sicflux.com.br\/blog\/arquitetura-passiva-conheca-o-modelo-arquitetonico-sustentavel\/#primaryimage\"},\"image\":{\"@id\":\"https:\/\/sicflux.com.br\/blog\/arquitetura-passiva-conheca-o-modelo-arquitetonico-sustentavel\/#primaryimage\"},\"thumbnailUrl\":\"https:\/\/sicflux.com.br\/blog\/wp-content\/uploads\/2022\/09\/1662482696_14ee4f_links02.jpg\",\"datePublished\":\"2022-09-06T16:59:48+00:00\",\"dateModified\":\"2022-09-06T16:59:48+00:00\",\"description\":\"Uma nova tend\u00eancia de casas que utilizam da sua pr\u00f3pria arquitetura para manter o conforto t\u00e9rmico est\u00e1 se erguendo: conhe\u00e7a a arquitetura passiva.\",\"breadcrumb\":{\"@id\":\"https:\/\/sicflux.com.br\/blog\/arquitetura-passiva-conheca-o-modelo-arquitetonico-sustentavel\/#breadcrumb\"},\"inLanguage\":\"pt-BR\",\"potentialAction\":[{\"@type\":\"ReadAction\",\"target\":[\"https:\/\/sicflux.com.br\/blog\/arquitetura-passiva-conheca-o-modelo-arquitetonico-sustentavel\/\"]}]},{\"@type\":\"ImageObject\",\"inLanguage\":\"pt-BR\",\"@id\":\"https:\/\/sicflux.com.br\/blog\/arquitetura-passiva-conheca-o-modelo-arquitetonico-sustentavel\/#primaryimage\",\"url\":\"https:\/\/sicflux.com.br\/blog\/wp-content\/uploads\/2022\/09\/1662482696_14ee4f_links02.jpg\",\"contentUrl\":\"https:\/\/sicflux.com.br\/blog\/wp-content\/uploads\/2022\/09\/1662482696_14ee4f_links02.jpg\",\"width\":1200,\"height\":527},{\"@type\":\"BreadcrumbList\",\"@id\":\"https:\/\/sicflux.com.br\/blog\/arquitetura-passiva-conheca-o-modelo-arquitetonico-sustentavel\/#breadcrumb\",\"itemListElement\":[{\"@type\":\"ListItem\",\"position\":1,\"name\":\"In\u00edcio\",\"item\":\"https:\/\/sicflux.com.br\/\"},{\"@type\":\"ListItem\",\"position\":2,\"name\":\"Arquitetura passiva: conhe\u00e7a o modelo arquitet\u00f4nico sustent\u00e1vel\"}]},{\"@type\":\"WebSite\",\"@id\":\"https:\/\/sicflux.com.br\/#website\",\"url\":\"https:\/\/sicflux.com.br\/\",\"name\":\"Sicflux Brasil\",\"description\":\"Ar em movimento\",\"publisher\":{\"@id\":\"https:\/\/sicflux.com.br\/#organization\"},\"alternateName\":\"Sicflux Brasil\",\"potentialAction\":[{\"@type\":\"SearchAction\",\"target\":{\"@type\":\"EntryPoint\",\"urlTemplate\":\"https:\/\/sicflux.com.br\/?s={search_term_string}\"},\"query-input\":{\"@type\":\"PropertyValueSpecification\",\"valueRequired\":true,\"valueName\":\"search_term_string\"}}],\"inLanguage\":\"pt-BR\"},{\"@type\":\"Organization\",\"@id\":\"https:\/\/sicflux.com.br\/#organization\",\"name\":\"Sicflux Brasil\",\"alternateName\":\"Sicflux Brasil\",\"url\":\"https:\/\/sicflux.com.br\/\",\"logo\":{\"@type\":\"ImageObject\",\"inLanguage\":\"pt-BR\",\"@id\":\"https:\/\/sicflux.com.br\/#\/schema\/logo\/image\/\",\"url\":\"https:\/\/sicflux.com.br\/blog\/wp-content\/uploads\/2019\/09\/logo-sicflux-1.png\",\"contentUrl\":\"https:\/\/sicflux.com.br\/blog\/wp-content\/uploads\/2019\/09\/logo-sicflux-1.png\",\"width\":600,\"height\":169,\"caption\":\"Sicflux Brasil\"},\"image\":{\"@id\":\"https:\/\/sicflux.com.br\/#\/schema\/logo\/image\/\"},\"sameAs\":[\"https:\/\/www.facebook.com\/sicflux.profissional\/\",\"https:\/\/www.instagram.com\/sicflux\/\",\"https:\/\/www.linkedin.com\/company\/sicflux\/\"]},{\"@type\":\"Person\",\"@id\":\"https:\/\/sicflux.com.br\/#\/schema\/person\/b0991863a2071fab9bb9cc7a546e04e0\",\"name\":\"Sicflux Brasil\",\"image\":{\"@type\":\"ImageObject\",\"inLanguage\":\"pt-BR\",\"@id\":\"https:\/\/sicflux.com.br\/#\/schema\/person\/image\/\",\"url\":\"https:\/\/secure.gravatar.com\/avatar\/27089a835d9c4ab26557590e093588b0?s=96&d=mm&r=g\",\"contentUrl\":\"https:\/\/secure.gravatar.com\/avatar\/27089a835d9c4ab26557590e093588b0?s=96&d=mm&r=g\",\"caption\":\"Sicflux Brasil\"}}]}<\/script>\n<!-- \/ Yoast SEO plugin. -->","yoast_head_json":{"title":"Arquitetura passiva: conhe\u00e7a o modelo arquitet\u00f4nico sustent\u00e1vel - Sicflux","description":"Uma nova tend\u00eancia de casas que utilizam da sua pr\u00f3pria arquitetura para manter o conforto t\u00e9rmico est\u00e1 se erguendo: conhe\u00e7a a arquitetura passiva.","robots":{"index":"index","follow":"follow","max-snippet":"max-snippet:-1","max-image-preview":"max-image-preview:large","max-video-preview":"max-video-preview:-1"},"canonical":"https:\/\/sicflux.com.br\/blog\/arquitetura-passiva-conheca-o-modelo-arquitetonico-sustentavel\/","og_locale":"pt_BR","og_type":"article","og_title":"Arquitetura passiva: conhe\u00e7a o modelo arquitet\u00f4nico sustent\u00e1vel - Sicflux","og_description":"Uma nova tend\u00eancia de casas que utilizam da sua pr\u00f3pria arquitetura para manter o conforto t\u00e9rmico est\u00e1 se erguendo: conhe\u00e7a a arquitetura passiva.","og_url":"https:\/\/sicflux.com.br\/blog\/arquitetura-passiva-conheca-o-modelo-arquitetonico-sustentavel\/","og_site_name":"Sicflux","article_publisher":"https:\/\/www.facebook.com\/sicflux.profissional\/","article_published_time":"2022-09-06T16:59:48+00:00","og_image":[{"width":1200,"height":527,"url":"https:\/\/sicflux.com.br\/blog\/wp-content\/uploads\/2022\/09\/1662482696_14ee4f_links02.jpg","type":"image\/jpeg"}],"author":"Sicflux Brasil","twitter_card":"summary_large_image","twitter_misc":{"Escrito por":"Sicflux Brasil","Est. tempo de leitura":"5 minutos"},"schema":{"@context":"https:\/\/schema.org","@graph":[{"@type":"Article","@id":"https:\/\/sicflux.com.br\/blog\/arquitetura-passiva-conheca-o-modelo-arquitetonico-sustentavel\/#article","isPartOf":{"@id":"https:\/\/sicflux.com.br\/blog\/arquitetura-passiva-conheca-o-modelo-arquitetonico-sustentavel\/"},"author":{"name":"Sicflux Brasil","@id":"https:\/\/sicflux.com.br\/#\/schema\/person\/b0991863a2071fab9bb9cc7a546e04e0"},"headline":"Arquitetura passiva: conhe\u00e7a o modelo arquitet\u00f4nico sustent\u00e1vel","datePublished":"2022-09-06T16:59:48+00:00","dateModified":"2022-09-06T16:59:48+00:00","mainEntityOfPage":{"@id":"https:\/\/sicflux.com.br\/blog\/arquitetura-passiva-conheca-o-modelo-arquitetonico-sustentavel\/"},"wordCount":938,"commentCount":0,"publisher":{"@id":"https:\/\/sicflux.com.br\/#organization"},"image":{"@id":"https:\/\/sicflux.com.br\/blog\/arquitetura-passiva-conheca-o-modelo-arquitetonico-sustentavel\/#primaryimage"},"thumbnailUrl":"https:\/\/sicflux.com.br\/blog\/wp-content\/uploads\/2022\/09\/1662482696_14ee4f_links02.jpg","inLanguage":"pt-BR","potentialAction":[{"@type":"CommentAction","name":"Comment","target":["https:\/\/sicflux.com.br\/blog\/arquitetura-passiva-conheca-o-modelo-arquitetonico-sustentavel\/#respond"]}]},{"@type":"WebPage","@id":"https:\/\/sicflux.com.br\/blog\/arquitetura-passiva-conheca-o-modelo-arquitetonico-sustentavel\/","url":"https:\/\/sicflux.com.br\/blog\/arquitetura-passiva-conheca-o-modelo-arquitetonico-sustentavel\/","name":"Arquitetura passiva: conhe\u00e7a o modelo arquitet\u00f4nico sustent\u00e1vel - Sicflux","isPartOf":{"@id":"https:\/\/sicflux.com.br\/#website"},"primaryImageOfPage":{"@id":"https:\/\/sicflux.com.br\/blog\/arquitetura-passiva-conheca-o-modelo-arquitetonico-sustentavel\/#primaryimage"},"image":{"@id":"https:\/\/sicflux.com.br\/blog\/arquitetura-passiva-conheca-o-modelo-arquitetonico-sustentavel\/#primaryimage"},"thumbnailUrl":"https:\/\/sicflux.com.br\/blog\/wp-content\/uploads\/2022\/09\/1662482696_14ee4f_links02.jpg","datePublished":"2022-09-06T16:59:48+00:00","dateModified":"2022-09-06T16:59:48+00:00","description":"Uma nova tend\u00eancia de casas que utilizam da sua pr\u00f3pria arquitetura para manter o conforto t\u00e9rmico est\u00e1 se erguendo: conhe\u00e7a a arquitetura passiva.","breadcrumb":{"@id":"https:\/\/sicflux.com.br\/blog\/arquitetura-passiva-conheca-o-modelo-arquitetonico-sustentavel\/#breadcrumb"},"inLanguage":"pt-BR","potentialAction":[{"@type":"ReadAction","target":["https:\/\/sicflux.com.br\/blog\/arquitetura-passiva-conheca-o-modelo-arquitetonico-sustentavel\/"]}]},{"@type":"ImageObject","inLanguage":"pt-BR","@id":"https:\/\/sicflux.com.br\/blog\/arquitetura-passiva-conheca-o-modelo-arquitetonico-sustentavel\/#primaryimage","url":"https:\/\/sicflux.com.br\/blog\/wp-content\/uploads\/2022\/09\/1662482696_14ee4f_links02.jpg","contentUrl":"https:\/\/sicflux.com.br\/blog\/wp-content\/uploads\/2022\/09\/1662482696_14ee4f_links02.jpg","width":1200,"height":527},{"@type":"BreadcrumbList","@id":"https:\/\/sicflux.com.br\/blog\/arquitetura-passiva-conheca-o-modelo-arquitetonico-sustentavel\/#breadcrumb","itemListElement":[{"@type":"ListItem","position":1,"name":"In\u00edcio","item":"https:\/\/sicflux.com.br\/"},{"@type":"ListItem","position":2,"name":"Arquitetura passiva: conhe\u00e7a o modelo arquitet\u00f4nico sustent\u00e1vel"}]},{"@type":"WebSite","@id":"https:\/\/sicflux.com.br\/#website","url":"https:\/\/sicflux.com.br\/","name":"Sicflux Brasil","description":"Ar em movimento","publisher":{"@id":"https:\/\/sicflux.com.br\/#organization"},"alternateName":"Sicflux Brasil","potentialAction":[{"@type":"SearchAction","target":{"@type":"EntryPoint","urlTemplate":"https:\/\/sicflux.com.br\/?s={search_term_string}"},"query-input":{"@type":"PropertyValueSpecification","valueRequired":true,"valueName":"search_term_string"}}],"inLanguage":"pt-BR"},{"@type":"Organization","@id":"https:\/\/sicflux.com.br\/#organization","name":"Sicflux Brasil","alternateName":"Sicflux Brasil","url":"https:\/\/sicflux.com.br\/","logo":{"@type":"ImageObject","inLanguage":"pt-BR","@id":"https:\/\/sicflux.com.br\/#\/schema\/logo\/image\/","url":"https:\/\/sicflux.com.br\/blog\/wp-content\/uploads\/2019\/09\/logo-sicflux-1.png","contentUrl":"https:\/\/sicflux.com.br\/blog\/wp-content\/uploads\/2019\/09\/logo-sicflux-1.png","width":600,"height":169,"caption":"Sicflux Brasil"},"image":{"@id":"https:\/\/sicflux.com.br\/#\/schema\/logo\/image\/"},"sameAs":["https:\/\/www.facebook.com\/sicflux.profissional\/","https:\/\/www.instagram.com\/sicflux\/","https:\/\/www.linkedin.com\/company\/sicflux\/"]},{"@type":"Person","@id":"https:\/\/sicflux.com.br\/#\/schema\/person\/b0991863a2071fab9bb9cc7a546e04e0","name":"Sicflux Brasil","image":{"@type":"ImageObject","inLanguage":"pt-BR","@id":"https:\/\/sicflux.com.br\/#\/schema\/person\/image\/","url":"https:\/\/secure.gravatar.com\/avatar\/27089a835d9c4ab26557590e093588b0?s=96&d=mm&r=g","contentUrl":"https:\/\/secure.gravatar.com\/avatar\/27089a835d9c4ab26557590e093588b0?s=96&d=mm&r=g","caption":"Sicflux Brasil"}}]}},"_links":{"self":[{"href":"https:\/\/sicflux.com.br\/blog\/wp-json\/wp\/v2\/posts\/1553","targetHints":{"allow":["GET"]}}],"collection":[{"href":"https:\/\/sicflux.com.br\/blog\/wp-json\/wp\/v2\/posts"}],"about":[{"href":"https:\/\/sicflux.com.br\/blog\/wp-json\/wp\/v2\/types\/post"}],"author":[{"embeddable":true,"href":"https:\/\/sicflux.com.br\/blog\/wp-json\/wp\/v2\/users\/1"}],"replies":[{"embeddable":true,"href":"https:\/\/sicflux.com.br\/blog\/wp-json\/wp\/v2\/comments?post=1553"}],"version-history":[{"count":0,"href":"https:\/\/sicflux.com.br\/blog\/wp-json\/wp\/v2\/posts\/1553\/revisions"}],"wp:featuredmedia":[{"embeddable":true,"href":"https:\/\/sicflux.com.br\/blog\/wp-json\/wp\/v2\/media\/1554"}],"wp:attachment":[{"href":"https:\/\/sicflux.com.br\/blog\/wp-json\/wp\/v2\/media?parent=1553"}],"wp:term":[{"taxonomy":"category","embeddable":true,"href":"https:\/\/sicflux.com.br\/blog\/wp-json\/wp\/v2\/categories?post=1553"},{"taxonomy":"post_tag","embeddable":true,"href":"https:\/\/sicflux.com.br\/blog\/wp-json\/wp\/v2\/tags?post=1553"}],"curies":[{"name":"wp","href":"https:\/\/api.w.org\/{rel}","templated":true}]}}