{"id":1612,"date":"2022-11-08T13:32:36","date_gmt":"2022-11-08T16:32:36","guid":{"rendered":"https:\/\/sicflux.com.br\/blog\/?p=1612"},"modified":"2022-11-08T13:32:37","modified_gmt":"2022-11-08T16:32:37","slug":"os-riscos-que-as-mudancas-climaticas-representam-a-saude-humana","status":"publish","type":"post","link":"https:\/\/sicflux.com.br\/blog\/os-riscos-que-as-mudancas-climaticas-representam-a-saude-humana\/","title":{"rendered":"Os riscos que as mudan\u00e7as clim\u00e1ticas representam \u00e0 sa\u00fade humana"},"content":{"rendered":"<div id=\"ez-toc-container\" class=\"ez-toc-v2_0_69_1 counter-hierarchy ez-toc-counter ez-toc-custom ez-toc-container-direction\">\n<p class=\"ez-toc-title\" style=\"cursor:inherit\">\u00cdndice<\/p>\n<label for=\"ez-toc-cssicon-toggle-item-69f37b4967358\" class=\"ez-toc-cssicon-toggle-label\"><span class=\"\"><span class=\"eztoc-hide\" style=\"display:none;\">Toggle<\/span><span class=\"ez-toc-icon-toggle-span\"><svg style=\"fill: #999;color:#999\" xmlns=\"http:\/\/www.w3.org\/2000\/svg\" class=\"list-377408\" width=\"20px\" height=\"20px\" viewBox=\"0 0 24 24\" fill=\"none\"><path d=\"M6 6H4v2h2V6zm14 0H8v2h12V6zM4 11h2v2H4v-2zm16 0H8v2h12v-2zM4 16h2v2H4v-2zm16 0H8v2h12v-2z\" fill=\"currentColor\"><\/path><\/svg><svg style=\"fill: #999;color:#999\" class=\"arrow-unsorted-368013\" xmlns=\"http:\/\/www.w3.org\/2000\/svg\" width=\"10px\" height=\"10px\" viewBox=\"0 0 24 24\" version=\"1.2\" baseProfile=\"tiny\"><path d=\"M18.2 9.3l-6.2-6.3-6.2 6.3c-.2.2-.3.4-.3.7s.1.5.3.7c.2.2.4.3.7.3h11c.3 0 .5-.1.7-.3.2-.2.3-.5.3-.7s-.1-.5-.3-.7zM5.8 14.7l6.2 6.3 6.2-6.3c.2-.2.3-.5.3-.7s-.1-.5-.3-.7c-.2-.2-.4-.3-.7-.3h-11c-.3 0-.5.1-.7.3-.2.2-.3.5-.3.7s.1.5.3.7z\"\/><\/svg><\/span><\/span><\/label><input type=\"checkbox\"  id=\"ez-toc-cssicon-toggle-item-69f37b4967358\"  aria-label=\"Toggle\" \/><nav><ul class='ez-toc-list ez-toc-list-level-1 ' ><li class='ez-toc-page-1 ez-toc-heading-level-2'><a class=\"ez-toc-link ez-toc-heading-1\" href=\"https:\/\/sicflux.com.br\/blog\/os-riscos-que-as-mudancas-climaticas-representam-a-saude-humana\/#Como_as_mudancas_climaticas_afetam_a_nossa_saude\" title=\"Como as mudan\u00e7as clim\u00e1ticas afetam a nossa sa\u00fade?\">Como as mudan\u00e7as clim\u00e1ticas afetam a nossa sa\u00fade?<\/a><ul class='ez-toc-list-level-3' ><li class='ez-toc-heading-level-3'><a class=\"ez-toc-link ez-toc-heading-2\" href=\"https:\/\/sicflux.com.br\/blog\/os-riscos-que-as-mudancas-climaticas-representam-a-saude-humana\/#1_Maior_risco_de_transmissao_de_doencas_por_vetores_e_pela_agua\" title=\"1. Maior risco de transmiss\u00e3o de doen\u00e7as por vetores e pela \u00e1gua\">1. Maior risco de transmiss\u00e3o de doen\u00e7as por vetores e pela \u00e1gua<\/a><\/li><li class='ez-toc-page-1 ez-toc-heading-level-3'><a class=\"ez-toc-link ez-toc-heading-3\" href=\"https:\/\/sicflux.com.br\/blog\/os-riscos-que-as-mudancas-climaticas-representam-a-saude-humana\/#2_Ameacas_aos_meios_de_subsistencia\" title=\"2. Amea\u00e7as aos meios de subsist\u00eancia\">2. Amea\u00e7as aos meios de subsist\u00eancia<\/a><\/li><li class='ez-toc-page-1 ez-toc-heading-level-3'><a class=\"ez-toc-link ez-toc-heading-4\" href=\"https:\/\/sicflux.com.br\/blog\/os-riscos-que-as-mudancas-climaticas-representam-a-saude-humana\/#3_Maiores_riscos_a_populacao_vulneravel_social_e_economicamente\" title=\"3. Maiores riscos \u00e0 popula\u00e7\u00e3o vulner\u00e1vel social e economicamente\">3. Maiores riscos \u00e0 popula\u00e7\u00e3o vulner\u00e1vel social e economicamente<\/a><\/li><\/ul><\/li><li class='ez-toc-page-1 ez-toc-heading-level-2'><a class=\"ez-toc-link ez-toc-heading-5\" href=\"https:\/\/sicflux.com.br\/blog\/os-riscos-que-as-mudancas-climaticas-representam-a-saude-humana\/#Os_desafios_da_populacao_para_adaptar-se_as_mudancas_climaticas\" title=\"Os desafios da popula\u00e7\u00e3o para adaptar-se \u00e0s mudan\u00e7as clim\u00e1ticas\">Os desafios da popula\u00e7\u00e3o para adaptar-se \u00e0s mudan\u00e7as clim\u00e1ticas<\/a><\/li><li class='ez-toc-page-1 ez-toc-heading-level-2'><a class=\"ez-toc-link ez-toc-heading-6\" href=\"https:\/\/sicflux.com.br\/blog\/os-riscos-que-as-mudancas-climaticas-representam-a-saude-humana\/#Como_os_governantes_podem_adaptar_as_politicas_para_proteger_a_populacao_das_mudancas_climaticas\" title=\"Como os governantes podem adaptar as pol\u00edticas para proteger a popula\u00e7\u00e3o das mudan\u00e7as clim\u00e1ticas?\">Como os governantes podem adaptar as pol\u00edticas para proteger a popula\u00e7\u00e3o das mudan\u00e7as clim\u00e1ticas?<\/a><\/li><li class='ez-toc-page-1 ez-toc-heading-level-2'><a class=\"ez-toc-link ez-toc-heading-7\" href=\"https:\/\/sicflux.com.br\/blog\/os-riscos-que-as-mudancas-climaticas-representam-a-saude-humana\/#Nos_fazemos_a_nossa_parte\" title=\"N\u00f3s fazemos a nossa parte!\">N\u00f3s fazemos a nossa parte!<\/a><\/li><\/ul><\/nav><\/div>\n\n<figure class=\"wp-block-image size-large\"><img decoding=\"async\" width=\"1200\" height=\"527\" src=\"https:\/\/sicflux.com.br\/blog\/wp-content\/uploads\/2022\/11\/Links01-3.jpg\" alt=\"\" class=\"wp-image-1613\" srcset=\"https:\/\/sicflux.com.br\/blog\/wp-content\/uploads\/2022\/11\/Links01-3.jpg 1200w, https:\/\/sicflux.com.br\/blog\/wp-content\/uploads\/2022\/11\/Links01-3-300x132.jpg 300w, https:\/\/sicflux.com.br\/blog\/wp-content\/uploads\/2022\/11\/Links01-3-768x337.jpg 768w\" sizes=\"(max-width: 1200px) 100vw, 1200px\" \/><\/figure>\n\n\n\n<p>Nos \u00faltimos anos, as mudan\u00e7as clim\u00e1ticas extremas ceifaram as vidas de seres humanos e animais. Essas mudan\u00e7as representam amea\u00e7as \u00e0s condi\u00e7\u00f5es ideais de vida na Terra e desestabilizam a seguran\u00e7a alimentar da popula\u00e7\u00e3o, j\u00e1 que fen\u00f4menos decorrentes da polui\u00e7\u00e3o afetam os animais e as plantas.<\/p>\n\n\n\n<p>Em um novo relat\u00f3rio, a Organiza\u00e7\u00e3o Mundial da Sa\u00fade &#8211; a OMS &#8211; destacou que esses fen\u00f4menos clim\u00e1ticos se tornaram uma emerg\u00eancia e uma das quest\u00f5es de sa\u00fade p\u00fablica mais urgentes que a popula\u00e7\u00e3o j\u00e1 enfrentou. Isso porque esses fen\u00f4menos atingem os animais e corpos de \u00e1gua, facilitando a transmiss\u00e3o de doen\u00e7as e decaindo a qualidade dos alimentos.<\/p>\n\n\n\n<p>Al\u00e9m disso, a pr\u00f3pria polui\u00e7\u00e3o do ar afeta diretamente a sa\u00fade humana quando em contato com o nosso organismo. Entenda a seguir os impactos negativos da polui\u00e7\u00e3o e das mudan\u00e7as clim\u00e1ticas para a sa\u00fade humana, bem como os desafios para nos adaptarmos a esses fen\u00f4menos e as possibilidades para combat\u00ea-los.<\/p>\n\n\n\n<p>| Leia tamb\u00e9m: <a href=\"https:\/\/sicflux.com.br\/blog\/poluicao-do-ar-causas-e-consequencias-para-a-populacao\/\" target=\"_blank\" rel=\"noreferrer noopener\">Polui\u00e7\u00e3o do ar: causas e consequ\u00eancias para a popula\u00e7\u00e3o<\/a><\/p>\n\n\n\n<h2 class=\"wp-block-heading\"><span class=\"ez-toc-section\" id=\"Como_as_mudancas_climaticas_afetam_a_nossa_saude\"><\/span>Como as mudan\u00e7as clim\u00e1ticas afetam a nossa sa\u00fade?<span class=\"ez-toc-section-end\"><\/span><\/h2>\n\n\n\n<p>De acordo com o Relat\u00f3rio Especial COP26 da OMS, o n\u00famero de pesquisas e estudos que ligam as mudan\u00e7as clim\u00e1ticas e a sa\u00fade humana cresceram nos \u00faltimos anos, tornando-se um t\u00f3pico preocupante e urgente para ser tratado pelas autoridades.<\/p>\n\n\n\n<p>Esse relat\u00f3rio descreve como as a\u00e7\u00f5es transformadoras em todos os setores, como energia, transporte, natureza e alimentar, s\u00e3o necess\u00e1rias para combater as mudan\u00e7as clim\u00e1ticas decorrente da polui\u00e7\u00e3o do planeta e para proteger a sa\u00fade das pessoas, que corre grande risco diante destes fen\u00f4menos. Entenda a seguir como a popula\u00e7\u00e3o est\u00e1 amea\u00e7ada diante das mudan\u00e7as clim\u00e1ticas.<\/p>\n\n\n\n<h3 class=\"wp-block-heading\"><span class=\"ez-toc-section\" id=\"1_Maior_risco_de_transmissao_de_doencas_por_vetores_e_pela_agua\"><\/span>1. Maior risco de transmiss\u00e3o de doen\u00e7as por vetores e pela \u00e1gua<span class=\"ez-toc-section-end\"><\/span><\/h3>\n\n\n\n<p>As mudan\u00e7as clim\u00e1ticas est\u00e3o aumentando e redistribuindo os habitats naturais de insetos como mosquitos e outros pat\u00f3genos que transmitem doen\u00e7as &#8211; que estavam controladas at\u00e9 poucos anos atr\u00e1s. Para ter uma no\u00e7\u00e3o da gravidade dessa situa\u00e7\u00e3o, esses pat\u00f3genos podem levar doen\u00e7as at\u00e9 comunidades que nunca tiveram contato com elas antes.<\/p>\n\n\n\n<p>Uma pesquisa recente prev\u00ea que, caso as autoridades n\u00e3o intervenham e implementem a\u00e7\u00f5es transformadoras, 51,3 milh\u00f5es de pessoas na \u00c1frica Ocidental estar\u00e3o expostas \u00e0 mal\u00e1ria at\u00e9 2050, devido \u00e0s mudan\u00e7as clim\u00e1ticas. Isso diz respeito a comunidades que antes nunca tiveram contato com essa doen\u00e7a.<\/p>\n\n\n\n<p>As mudan\u00e7as clim\u00e1ticas relacionadas a mudan\u00e7as na qualidade da \u00e1gua, padr\u00f5es de precipita\u00e7\u00e3o e escassez tamb\u00e9m podem acarretar &#8211; ou at\u00e9 piorar &#8211; na ocorr\u00eancia de doen\u00e7as em um pa\u00eds. Em Gana, por exemplo, a popula\u00e7\u00e3o enfrenta epidemias de c\u00f3lera, diarreia, meningite e mal\u00e1ria, justamente porque o aumento no n\u00edvel dos corpos de \u00e1gua contaminam o sistema de saneamento das comunidades.<\/p>\n\n\n\n<h3 class=\"wp-block-heading\"><span class=\"ez-toc-section\" id=\"2_Ameacas_aos_meios_de_subsistencia\"><\/span>2. Amea\u00e7as aos meios de subsist\u00eancia<span class=\"ez-toc-section-end\"><\/span><\/h3>\n\n\n\n<p>As temperaturas mais altas e fen\u00f4menos clim\u00e1ticos como chuvas intensas, tempestades, ciclones, enchentes e deslizamentos podem apresentar grandes riscos \u00e0 integridade f\u00edsica das pessoas, causando ferimentos e contamina\u00e7\u00e3o dos corpos de \u00e1gua, gerando at\u00e9 mesmo transtornos como ansiedade, depress\u00e3o e estresse p\u00f3s-traum\u00e1tico.<\/p>\n\n\n\n<p>Al\u00e9m disso, dias de calor intenso interferem diretamente no desempenho dos trabalhadores e ocasiona a queda na produtividade destes, tamb\u00e9m afetando a rotina e dificultando a ado\u00e7\u00e3o de h\u00e1bitos saud\u00e1veis, como a pr\u00e1tica de exerc\u00edcios f\u00edsicos. Um ambiente muito quente impossibilita a transpira\u00e7\u00e3o do corpo humano e pode levar \u00e0 hipertermia e at\u00e9 \u00e0 morte.<\/p>\n\n\n\n<h3 class=\"wp-block-heading\"><span class=\"ez-toc-section\" id=\"3_Maiores_riscos_a_populacao_vulneravel_social_e_economicamente\"><\/span>3. Maiores riscos \u00e0 popula\u00e7\u00e3o vulner\u00e1vel social e economicamente<span class=\"ez-toc-section-end\"><\/span><\/h3>\n\n\n\n<p>Definitivamente, a parcela da popula\u00e7\u00e3o que mais sente os efeitos das mudan\u00e7as clim\u00e1ticas s\u00e3o os grupos mais vulner\u00e1veis no sentido social e econ\u00f4mico. Grupos marginalizados como os pobres, pessoas com defici\u00eancia, mulheres, idosos e crian\u00e7as n\u00e3o recebem o suporte necess\u00e1rio de entidades governamentais &#8211; isso no mundo todo, n\u00e3o apenas no Brasil &#8211; para sobreviver aos fen\u00f4menos clim\u00e1ticos.<\/p>\n\n\n\n<p>Dessa forma, esses grupos mais vulner\u00e1veis continuar\u00e3o sofrendo ainda mais com esses eventos, principalmente com as consequ\u00eancias deles para a sa\u00fade.<\/p>\n\n\n\n<h2 class=\"wp-block-heading\"><span class=\"ez-toc-section\" id=\"Os_desafios_da_populacao_para_adaptar-se_as_mudancas_climaticas\"><\/span>Os desafios da popula\u00e7\u00e3o para adaptar-se \u00e0s mudan\u00e7as clim\u00e1ticas<span class=\"ez-toc-section-end\"><\/span><\/h2>\n\n\n\n<p>Os principais desafios para lidar com essas mudan\u00e7as clim\u00e1ticas referem-se \u00e0s verbas e a\u00e7\u00f5es desenvolvidas pelas autoridades diante da popula\u00e7\u00e3o. Embora autoridades e entidades ambientais e da sa\u00fade vejam a conex\u00e3o, muitos governantes ainda n\u00e3o entendem a liga\u00e7\u00e3o entre as mudan\u00e7as clim\u00e1ticas e a sa\u00fade p\u00fablica, o que dificulta ainda mais o di\u00e1logo.<\/p>\n\n\n\n<p>Essas brechas no conhecimento levam \u00e0 ado\u00e7\u00e3o de pol\u00edticas inconsistentes e \u00e0 falta de reflex\u00e3o e planejamento de atividades para adapta\u00e7\u00e3o nos or\u00e7amentos da sa\u00fade. Al\u00e9m disso, muitos pa\u00edses apresentam um planejamento inadequado das verbas destinadas a implementar medidas de adapta\u00e7\u00e3o.<\/p>\n\n\n\n<p>Mudan\u00e7as frequentes na administra\u00e7\u00e3o e gest\u00e3o dos pa\u00edses, estados e cidades tamb\u00e9m podem dificultar a consist\u00eancia na quantidade de recursos p\u00fablicos destinados \u00e0 adapta\u00e7\u00e3o no setor da sa\u00fade. Em um estudo recente sobre 100 pa\u00edses, a ONU &#8211; Organiza\u00e7\u00e3o das Na\u00e7\u00f5es Unidas &#8211; revelou que apenas 1 em cada 5 pa\u00eds tem investido e destinado verbas para implantar compromissos clim\u00e1ticos em rela\u00e7\u00e3o \u00e0 sa\u00fade p\u00fablica.<\/p>\n\n\n\n<p>| Leia tamb\u00e9m: <a href=\"https:\/\/sicflux.com.br\/blog\/renovacao-do-ar-3-motivos-para-voce-participar-de-eventos-de-capacitacao-de-profissionais-da-area\/\" target=\"_blank\" rel=\"noreferrer noopener\">Renova\u00e7\u00e3o do ar: 3 motivos para voc\u00ea participar de eventos de capacita\u00e7\u00e3o de profissionais da \u00e1rea<\/a><\/p>\n\n\n\n<h2 class=\"wp-block-heading\"><span class=\"ez-toc-section\" id=\"Como_os_governantes_podem_adaptar_as_politicas_para_proteger_a_populacao_das_mudancas_climaticas\"><\/span>Como os governantes podem adaptar as pol\u00edticas para proteger a popula\u00e7\u00e3o das mudan\u00e7as clim\u00e1ticas?<span class=\"ez-toc-section-end\"><\/span><\/h2>\n\n\n\n<p>Embora seja dif\u00edcil provar a correla\u00e7\u00e3o das mudan\u00e7as clim\u00e1ticas com problemas na sa\u00fade p\u00fablica e identificar e reduzir os riscos clim\u00e1ticos, essa lacuna no conhecimento n\u00e3o deve ser impedimento para a implementa\u00e7\u00e3o de a\u00e7\u00f5es redutoras de danos e de adapta\u00e7\u00e3o da popula\u00e7\u00e3o.<\/p>\n\n\n\n<p>Os governos podem avaliar as possibilidades e estabelecer pol\u00edticas p\u00fablicas e mecanismos de colabora\u00e7\u00e3o para oferecer apoio e orienta\u00e7\u00e3o \u00e0 popula\u00e7\u00e3o. Daqui para frente, algumas das prioridades dos governantes devem ser:<\/p>\n\n\n\n<ul class=\"wp-block-list\"><li>colocar a sa\u00fade e a justi\u00e7a social no centro das discuss\u00f5es e assegurar que a COP26 se torne a COP da Sa\u00fade;<\/li><li>destinar verbas \u00e0 constru\u00e7\u00e3o de sistemas de sa\u00fade resilientes e adapt\u00e1veis ao clima;<\/li><li>adotar e garantir o uso de energias renov\u00e1veis para diminuir os impactos da produ\u00e7\u00e3o de energia no meio-ambiente;<\/li><li>investir em estudos e pol\u00edticas p\u00fablicas para preserva\u00e7\u00e3o e restaura\u00e7\u00e3o de ecossistemas afetados pelas mudan\u00e7as clim\u00e1ticas.<\/li><\/ul>\n\n\n\n<p>Os apoiadores das causas relacionadas \u00e0 sa\u00fade e ao clima devem reunir for\u00e7as com a popula\u00e7\u00e3o e disseminar informa\u00e7\u00f5es para conscientizar os cidad\u00e3os. Quanto aos governos, as a\u00e7\u00f5es de adapta\u00e7\u00e3o e supera\u00e7\u00e3o das mudan\u00e7as clim\u00e1ticas devem superar os desafios econ\u00f4micos.<\/p>\n\n\n\n<h2 class=\"wp-block-heading\"><span class=\"ez-toc-section\" id=\"Nos_fazemos_a_nossa_parte\"><\/span>N\u00f3s fazemos a nossa parte!<span class=\"ez-toc-section-end\"><\/span><\/h2>\n\n\n\n<p>A Sicflux prioriza um trabalho ecol\u00f3gico e limpo na hora de desenvolver as melhores solu\u00e7\u00f5es para proteger a sa\u00fade das pessoas contra a polui\u00e7\u00e3o e os efeitos das mudan\u00e7as clim\u00e1ticas.<\/p>\n\n\n\n<div class=\"wp-block-buttons is-layout-flex wp-block-buttons-is-layout-flex\">\n<div class=\"wp-block-button has-custom-width wp-block-button__width-100\"><a class=\"wp-block-button__link has-white-color has-vivid-cyan-blue-background-color has-text-color has-background\" href=\"https:\/\/materiais.sicflux.com.br\/solucoes-completas-em-renovacao-de-ar?_ga=2.173945635.1872612525.1667838755-1453399651.1656594819&amp;_gl=1*w3p0q*_ga*MTQ1MzM5OTY1MS4xNjU2NTk0ODE5*_ga_EMF4FEDEB9*MTY2NzgzODc1NS40MS4xLjE2Njc4Mzg3NjEuMC4wLjA.\" target=\"_blank\" rel=\"noreferrer noopener\">Conhe\u00e7a nossas solu\u00e7\u00f5es<\/a><\/div>\n<\/div>\n","protected":false},"excerpt":{"rendered":"<p>Nos \u00faltimos anos, as mudan\u00e7as clim\u00e1ticas extremas ceifaram as vidas de seres humanos e animais. Essas mudan\u00e7as representam amea\u00e7as \u00e0s condi\u00e7\u00f5es ideais de vida na Terra e desestabilizam a seguran\u00e7a alimentar da popula\u00e7\u00e3o, j\u00e1 que&#8230;<\/p>\n","protected":false},"author":1,"featured_media":1613,"comment_status":"open","ping_status":"open","sticky":true,"template":"","format":"standard","meta":{"_acf_changed":false,"footnotes":""},"categories":[50,10],"tags":[],"class_list":["post-1612","post","type-post","status-publish","format-standard","has-post-thumbnail","hentry","category-poluicao-do-ar","category-qualidade-do-ar"],"acf":[],"yoast_head":"<!-- This site is optimized with the Yoast SEO plugin v24.0 - https:\/\/yoast.com\/wordpress\/plugins\/seo\/ -->\n<title>Os riscos que as mudan\u00e7as clim\u00e1ticas representam \u00e0 sa\u00fade humana - Sicflux<\/title>\n<meta name=\"description\" content=\"Em recentes estudos da Organiza\u00e7\u00e3o Mundial da Sa\u00fade, foi constatado que as mudan\u00e7as clim\u00e1ticas representam grandes amea\u00e7as \u00e0 sa\u00fade humana.\" \/>\n<meta name=\"robots\" content=\"index, follow, max-snippet:-1, max-image-preview:large, max-video-preview:-1\" \/>\n<link rel=\"canonical\" href=\"https:\/\/sicflux.com.br\/blog\/os-riscos-que-as-mudancas-climaticas-representam-a-saude-humana\/\" \/>\n<meta property=\"og:locale\" content=\"pt_BR\" \/>\n<meta property=\"og:type\" content=\"article\" \/>\n<meta property=\"og:title\" content=\"Os riscos que as mudan\u00e7as clim\u00e1ticas representam \u00e0 sa\u00fade humana - Sicflux\" \/>\n<meta property=\"og:description\" content=\"Em recentes estudos da Organiza\u00e7\u00e3o Mundial da Sa\u00fade, foi constatado que as mudan\u00e7as clim\u00e1ticas representam grandes amea\u00e7as \u00e0 sa\u00fade humana.\" \/>\n<meta property=\"og:url\" content=\"https:\/\/sicflux.com.br\/blog\/os-riscos-que-as-mudancas-climaticas-representam-a-saude-humana\/\" \/>\n<meta property=\"og:site_name\" content=\"Sicflux\" \/>\n<meta property=\"article:publisher\" content=\"https:\/\/www.facebook.com\/sicflux.profissional\/\" \/>\n<meta property=\"article:published_time\" content=\"2022-11-08T16:32:36+00:00\" \/>\n<meta property=\"article:modified_time\" content=\"2022-11-08T16:32:37+00:00\" \/>\n<meta property=\"og:image\" content=\"https:\/\/sicflux.com.br\/blog\/wp-content\/uploads\/2022\/11\/Links01-3.jpg\" \/>\n\t<meta property=\"og:image:width\" content=\"1200\" \/>\n\t<meta property=\"og:image:height\" content=\"527\" \/>\n\t<meta property=\"og:image:type\" content=\"image\/jpeg\" \/>\n<meta name=\"author\" content=\"Sicflux Brasil\" \/>\n<meta name=\"twitter:card\" content=\"summary_large_image\" \/>\n<meta name=\"twitter:label1\" content=\"Escrito por\" \/>\n\t<meta name=\"twitter:data1\" content=\"Sicflux Brasil\" \/>\n\t<meta name=\"twitter:label2\" content=\"Est. tempo de leitura\" \/>\n\t<meta name=\"twitter:data2\" content=\"5 minutos\" \/>\n<script type=\"application\/ld+json\" class=\"yoast-schema-graph\">{\"@context\":\"https:\/\/schema.org\",\"@graph\":[{\"@type\":\"Article\",\"@id\":\"https:\/\/sicflux.com.br\/blog\/os-riscos-que-as-mudancas-climaticas-representam-a-saude-humana\/#article\",\"isPartOf\":{\"@id\":\"https:\/\/sicflux.com.br\/blog\/os-riscos-que-as-mudancas-climaticas-representam-a-saude-humana\/\"},\"author\":{\"name\":\"Sicflux Brasil\",\"@id\":\"https:\/\/sicflux.com.br\/#\/schema\/person\/b0991863a2071fab9bb9cc7a546e04e0\"},\"headline\":\"Os riscos que as mudan\u00e7as clim\u00e1ticas representam \u00e0 sa\u00fade humana\",\"datePublished\":\"2022-11-08T16:32:36+00:00\",\"dateModified\":\"2022-11-08T16:32:37+00:00\",\"mainEntityOfPage\":{\"@id\":\"https:\/\/sicflux.com.br\/blog\/os-riscos-que-as-mudancas-climaticas-representam-a-saude-humana\/\"},\"wordCount\":1264,\"commentCount\":0,\"publisher\":{\"@id\":\"https:\/\/sicflux.com.br\/#organization\"},\"image\":{\"@id\":\"https:\/\/sicflux.com.br\/blog\/os-riscos-que-as-mudancas-climaticas-representam-a-saude-humana\/#primaryimage\"},\"thumbnailUrl\":\"https:\/\/sicflux.com.br\/blog\/wp-content\/uploads\/2022\/11\/Links01-3.jpg\",\"articleSection\":[\"Polui\u00e7\u00e3o do ar\",\"Qualidade do ar\"],\"inLanguage\":\"pt-BR\",\"potentialAction\":[{\"@type\":\"CommentAction\",\"name\":\"Comment\",\"target\":[\"https:\/\/sicflux.com.br\/blog\/os-riscos-que-as-mudancas-climaticas-representam-a-saude-humana\/#respond\"]}]},{\"@type\":\"WebPage\",\"@id\":\"https:\/\/sicflux.com.br\/blog\/os-riscos-que-as-mudancas-climaticas-representam-a-saude-humana\/\",\"url\":\"https:\/\/sicflux.com.br\/blog\/os-riscos-que-as-mudancas-climaticas-representam-a-saude-humana\/\",\"name\":\"Os riscos que as mudan\u00e7as clim\u00e1ticas representam \u00e0 sa\u00fade humana - Sicflux\",\"isPartOf\":{\"@id\":\"https:\/\/sicflux.com.br\/#website\"},\"primaryImageOfPage\":{\"@id\":\"https:\/\/sicflux.com.br\/blog\/os-riscos-que-as-mudancas-climaticas-representam-a-saude-humana\/#primaryimage\"},\"image\":{\"@id\":\"https:\/\/sicflux.com.br\/blog\/os-riscos-que-as-mudancas-climaticas-representam-a-saude-humana\/#primaryimage\"},\"thumbnailUrl\":\"https:\/\/sicflux.com.br\/blog\/wp-content\/uploads\/2022\/11\/Links01-3.jpg\",\"datePublished\":\"2022-11-08T16:32:36+00:00\",\"dateModified\":\"2022-11-08T16:32:37+00:00\",\"description\":\"Em recentes estudos da Organiza\u00e7\u00e3o Mundial da Sa\u00fade, foi constatado que as mudan\u00e7as clim\u00e1ticas representam grandes amea\u00e7as \u00e0 sa\u00fade humana.\",\"breadcrumb\":{\"@id\":\"https:\/\/sicflux.com.br\/blog\/os-riscos-que-as-mudancas-climaticas-representam-a-saude-humana\/#breadcrumb\"},\"inLanguage\":\"pt-BR\",\"potentialAction\":[{\"@type\":\"ReadAction\",\"target\":[\"https:\/\/sicflux.com.br\/blog\/os-riscos-que-as-mudancas-climaticas-representam-a-saude-humana\/\"]}]},{\"@type\":\"ImageObject\",\"inLanguage\":\"pt-BR\",\"@id\":\"https:\/\/sicflux.com.br\/blog\/os-riscos-que-as-mudancas-climaticas-representam-a-saude-humana\/#primaryimage\",\"url\":\"https:\/\/sicflux.com.br\/blog\/wp-content\/uploads\/2022\/11\/Links01-3.jpg\",\"contentUrl\":\"https:\/\/sicflux.com.br\/blog\/wp-content\/uploads\/2022\/11\/Links01-3.jpg\",\"width\":1200,\"height\":527},{\"@type\":\"BreadcrumbList\",\"@id\":\"https:\/\/sicflux.com.br\/blog\/os-riscos-que-as-mudancas-climaticas-representam-a-saude-humana\/#breadcrumb\",\"itemListElement\":[{\"@type\":\"ListItem\",\"position\":1,\"name\":\"In\u00edcio\",\"item\":\"https:\/\/sicflux.com.br\/\"},{\"@type\":\"ListItem\",\"position\":2,\"name\":\"Os riscos que as mudan\u00e7as clim\u00e1ticas representam \u00e0 sa\u00fade humana\"}]},{\"@type\":\"WebSite\",\"@id\":\"https:\/\/sicflux.com.br\/#website\",\"url\":\"https:\/\/sicflux.com.br\/\",\"name\":\"Sicflux Brasil\",\"description\":\"Ar em movimento\",\"publisher\":{\"@id\":\"https:\/\/sicflux.com.br\/#organization\"},\"alternateName\":\"Sicflux Brasil\",\"potentialAction\":[{\"@type\":\"SearchAction\",\"target\":{\"@type\":\"EntryPoint\",\"urlTemplate\":\"https:\/\/sicflux.com.br\/?s={search_term_string}\"},\"query-input\":{\"@type\":\"PropertyValueSpecification\",\"valueRequired\":true,\"valueName\":\"search_term_string\"}}],\"inLanguage\":\"pt-BR\"},{\"@type\":\"Organization\",\"@id\":\"https:\/\/sicflux.com.br\/#organization\",\"name\":\"Sicflux Brasil\",\"alternateName\":\"Sicflux Brasil\",\"url\":\"https:\/\/sicflux.com.br\/\",\"logo\":{\"@type\":\"ImageObject\",\"inLanguage\":\"pt-BR\",\"@id\":\"https:\/\/sicflux.com.br\/#\/schema\/logo\/image\/\",\"url\":\"https:\/\/sicflux.com.br\/blog\/wp-content\/uploads\/2019\/09\/logo-sicflux-1.png\",\"contentUrl\":\"https:\/\/sicflux.com.br\/blog\/wp-content\/uploads\/2019\/09\/logo-sicflux-1.png\",\"width\":600,\"height\":169,\"caption\":\"Sicflux Brasil\"},\"image\":{\"@id\":\"https:\/\/sicflux.com.br\/#\/schema\/logo\/image\/\"},\"sameAs\":[\"https:\/\/www.facebook.com\/sicflux.profissional\/\",\"https:\/\/www.instagram.com\/sicflux\/\",\"https:\/\/www.linkedin.com\/company\/sicflux\/\"]},{\"@type\":\"Person\",\"@id\":\"https:\/\/sicflux.com.br\/#\/schema\/person\/b0991863a2071fab9bb9cc7a546e04e0\",\"name\":\"Sicflux Brasil\",\"image\":{\"@type\":\"ImageObject\",\"inLanguage\":\"pt-BR\",\"@id\":\"https:\/\/sicflux.com.br\/#\/schema\/person\/image\/\",\"url\":\"https:\/\/secure.gravatar.com\/avatar\/27089a835d9c4ab26557590e093588b0?s=96&d=mm&r=g\",\"contentUrl\":\"https:\/\/secure.gravatar.com\/avatar\/27089a835d9c4ab26557590e093588b0?s=96&d=mm&r=g\",\"caption\":\"Sicflux Brasil\"}}]}<\/script>\n<!-- \/ Yoast SEO plugin. -->","yoast_head_json":{"title":"Os riscos que as mudan\u00e7as clim\u00e1ticas representam \u00e0 sa\u00fade humana - Sicflux","description":"Em recentes estudos da Organiza\u00e7\u00e3o Mundial da Sa\u00fade, foi constatado que as mudan\u00e7as clim\u00e1ticas representam grandes amea\u00e7as \u00e0 sa\u00fade humana.","robots":{"index":"index","follow":"follow","max-snippet":"max-snippet:-1","max-image-preview":"max-image-preview:large","max-video-preview":"max-video-preview:-1"},"canonical":"https:\/\/sicflux.com.br\/blog\/os-riscos-que-as-mudancas-climaticas-representam-a-saude-humana\/","og_locale":"pt_BR","og_type":"article","og_title":"Os riscos que as mudan\u00e7as clim\u00e1ticas representam \u00e0 sa\u00fade humana - Sicflux","og_description":"Em recentes estudos da Organiza\u00e7\u00e3o Mundial da Sa\u00fade, foi constatado que as mudan\u00e7as clim\u00e1ticas representam grandes amea\u00e7as \u00e0 sa\u00fade humana.","og_url":"https:\/\/sicflux.com.br\/blog\/os-riscos-que-as-mudancas-climaticas-representam-a-saude-humana\/","og_site_name":"Sicflux","article_publisher":"https:\/\/www.facebook.com\/sicflux.profissional\/","article_published_time":"2022-11-08T16:32:36+00:00","article_modified_time":"2022-11-08T16:32:37+00:00","og_image":[{"width":1200,"height":527,"url":"https:\/\/sicflux.com.br\/blog\/wp-content\/uploads\/2022\/11\/Links01-3.jpg","type":"image\/jpeg"}],"author":"Sicflux Brasil","twitter_card":"summary_large_image","twitter_misc":{"Escrito por":"Sicflux Brasil","Est. tempo de leitura":"5 minutos"},"schema":{"@context":"https:\/\/schema.org","@graph":[{"@type":"Article","@id":"https:\/\/sicflux.com.br\/blog\/os-riscos-que-as-mudancas-climaticas-representam-a-saude-humana\/#article","isPartOf":{"@id":"https:\/\/sicflux.com.br\/blog\/os-riscos-que-as-mudancas-climaticas-representam-a-saude-humana\/"},"author":{"name":"Sicflux Brasil","@id":"https:\/\/sicflux.com.br\/#\/schema\/person\/b0991863a2071fab9bb9cc7a546e04e0"},"headline":"Os riscos que as mudan\u00e7as clim\u00e1ticas representam \u00e0 sa\u00fade humana","datePublished":"2022-11-08T16:32:36+00:00","dateModified":"2022-11-08T16:32:37+00:00","mainEntityOfPage":{"@id":"https:\/\/sicflux.com.br\/blog\/os-riscos-que-as-mudancas-climaticas-representam-a-saude-humana\/"},"wordCount":1264,"commentCount":0,"publisher":{"@id":"https:\/\/sicflux.com.br\/#organization"},"image":{"@id":"https:\/\/sicflux.com.br\/blog\/os-riscos-que-as-mudancas-climaticas-representam-a-saude-humana\/#primaryimage"},"thumbnailUrl":"https:\/\/sicflux.com.br\/blog\/wp-content\/uploads\/2022\/11\/Links01-3.jpg","articleSection":["Polui\u00e7\u00e3o do ar","Qualidade do ar"],"inLanguage":"pt-BR","potentialAction":[{"@type":"CommentAction","name":"Comment","target":["https:\/\/sicflux.com.br\/blog\/os-riscos-que-as-mudancas-climaticas-representam-a-saude-humana\/#respond"]}]},{"@type":"WebPage","@id":"https:\/\/sicflux.com.br\/blog\/os-riscos-que-as-mudancas-climaticas-representam-a-saude-humana\/","url":"https:\/\/sicflux.com.br\/blog\/os-riscos-que-as-mudancas-climaticas-representam-a-saude-humana\/","name":"Os riscos que as mudan\u00e7as clim\u00e1ticas representam \u00e0 sa\u00fade humana - Sicflux","isPartOf":{"@id":"https:\/\/sicflux.com.br\/#website"},"primaryImageOfPage":{"@id":"https:\/\/sicflux.com.br\/blog\/os-riscos-que-as-mudancas-climaticas-representam-a-saude-humana\/#primaryimage"},"image":{"@id":"https:\/\/sicflux.com.br\/blog\/os-riscos-que-as-mudancas-climaticas-representam-a-saude-humana\/#primaryimage"},"thumbnailUrl":"https:\/\/sicflux.com.br\/blog\/wp-content\/uploads\/2022\/11\/Links01-3.jpg","datePublished":"2022-11-08T16:32:36+00:00","dateModified":"2022-11-08T16:32:37+00:00","description":"Em recentes estudos da Organiza\u00e7\u00e3o Mundial da Sa\u00fade, foi constatado que as mudan\u00e7as clim\u00e1ticas representam grandes amea\u00e7as \u00e0 sa\u00fade humana.","breadcrumb":{"@id":"https:\/\/sicflux.com.br\/blog\/os-riscos-que-as-mudancas-climaticas-representam-a-saude-humana\/#breadcrumb"},"inLanguage":"pt-BR","potentialAction":[{"@type":"ReadAction","target":["https:\/\/sicflux.com.br\/blog\/os-riscos-que-as-mudancas-climaticas-representam-a-saude-humana\/"]}]},{"@type":"ImageObject","inLanguage":"pt-BR","@id":"https:\/\/sicflux.com.br\/blog\/os-riscos-que-as-mudancas-climaticas-representam-a-saude-humana\/#primaryimage","url":"https:\/\/sicflux.com.br\/blog\/wp-content\/uploads\/2022\/11\/Links01-3.jpg","contentUrl":"https:\/\/sicflux.com.br\/blog\/wp-content\/uploads\/2022\/11\/Links01-3.jpg","width":1200,"height":527},{"@type":"BreadcrumbList","@id":"https:\/\/sicflux.com.br\/blog\/os-riscos-que-as-mudancas-climaticas-representam-a-saude-humana\/#breadcrumb","itemListElement":[{"@type":"ListItem","position":1,"name":"In\u00edcio","item":"https:\/\/sicflux.com.br\/"},{"@type":"ListItem","position":2,"name":"Os riscos que as mudan\u00e7as clim\u00e1ticas representam \u00e0 sa\u00fade humana"}]},{"@type":"WebSite","@id":"https:\/\/sicflux.com.br\/#website","url":"https:\/\/sicflux.com.br\/","name":"Sicflux Brasil","description":"Ar em movimento","publisher":{"@id":"https:\/\/sicflux.com.br\/#organization"},"alternateName":"Sicflux Brasil","potentialAction":[{"@type":"SearchAction","target":{"@type":"EntryPoint","urlTemplate":"https:\/\/sicflux.com.br\/?s={search_term_string}"},"query-input":{"@type":"PropertyValueSpecification","valueRequired":true,"valueName":"search_term_string"}}],"inLanguage":"pt-BR"},{"@type":"Organization","@id":"https:\/\/sicflux.com.br\/#organization","name":"Sicflux Brasil","alternateName":"Sicflux Brasil","url":"https:\/\/sicflux.com.br\/","logo":{"@type":"ImageObject","inLanguage":"pt-BR","@id":"https:\/\/sicflux.com.br\/#\/schema\/logo\/image\/","url":"https:\/\/sicflux.com.br\/blog\/wp-content\/uploads\/2019\/09\/logo-sicflux-1.png","contentUrl":"https:\/\/sicflux.com.br\/blog\/wp-content\/uploads\/2019\/09\/logo-sicflux-1.png","width":600,"height":169,"caption":"Sicflux Brasil"},"image":{"@id":"https:\/\/sicflux.com.br\/#\/schema\/logo\/image\/"},"sameAs":["https:\/\/www.facebook.com\/sicflux.profissional\/","https:\/\/www.instagram.com\/sicflux\/","https:\/\/www.linkedin.com\/company\/sicflux\/"]},{"@type":"Person","@id":"https:\/\/sicflux.com.br\/#\/schema\/person\/b0991863a2071fab9bb9cc7a546e04e0","name":"Sicflux Brasil","image":{"@type":"ImageObject","inLanguage":"pt-BR","@id":"https:\/\/sicflux.com.br\/#\/schema\/person\/image\/","url":"https:\/\/secure.gravatar.com\/avatar\/27089a835d9c4ab26557590e093588b0?s=96&d=mm&r=g","contentUrl":"https:\/\/secure.gravatar.com\/avatar\/27089a835d9c4ab26557590e093588b0?s=96&d=mm&r=g","caption":"Sicflux Brasil"}}]}},"_links":{"self":[{"href":"https:\/\/sicflux.com.br\/blog\/wp-json\/wp\/v2\/posts\/1612","targetHints":{"allow":["GET"]}}],"collection":[{"href":"https:\/\/sicflux.com.br\/blog\/wp-json\/wp\/v2\/posts"}],"about":[{"href":"https:\/\/sicflux.com.br\/blog\/wp-json\/wp\/v2\/types\/post"}],"author":[{"embeddable":true,"href":"https:\/\/sicflux.com.br\/blog\/wp-json\/wp\/v2\/users\/1"}],"replies":[{"embeddable":true,"href":"https:\/\/sicflux.com.br\/blog\/wp-json\/wp\/v2\/comments?post=1612"}],"version-history":[{"count":0,"href":"https:\/\/sicflux.com.br\/blog\/wp-json\/wp\/v2\/posts\/1612\/revisions"}],"wp:featuredmedia":[{"embeddable":true,"href":"https:\/\/sicflux.com.br\/blog\/wp-json\/wp\/v2\/media\/1613"}],"wp:attachment":[{"href":"https:\/\/sicflux.com.br\/blog\/wp-json\/wp\/v2\/media?parent=1612"}],"wp:term":[{"taxonomy":"category","embeddable":true,"href":"https:\/\/sicflux.com.br\/blog\/wp-json\/wp\/v2\/categories?post=1612"},{"taxonomy":"post_tag","embeddable":true,"href":"https:\/\/sicflux.com.br\/blog\/wp-json\/wp\/v2\/tags?post=1612"}],"curies":[{"name":"wp","href":"https:\/\/api.w.org\/{rel}","templated":true}]}}