{"id":1743,"date":"2023-06-21T16:17:08","date_gmt":"2023-06-21T19:17:08","guid":{"rendered":"https:\/\/sicflux.com.br\/blog\/?p=1743"},"modified":"2023-06-21T16:18:17","modified_gmt":"2023-06-21T19:18:17","slug":"poluicao-do-ar-industria-alimenticia","status":"publish","type":"post","link":"https:\/\/sicflux.com.br\/blog\/poluicao-do-ar-industria-alimenticia\/","title":{"rendered":"Polui\u00e7\u00e3o do ar: seus impactos na produ\u00e7\u00e3o da Ind\u00fastria Aliment\u00edcia"},"content":{"rendered":"<div id=\"ez-toc-container\" class=\"ez-toc-v2_0_69_1 counter-hierarchy ez-toc-counter ez-toc-custom ez-toc-container-direction\">\n<p class=\"ez-toc-title\" style=\"cursor:inherit\">\u00cdndice<\/p>\n<label for=\"ez-toc-cssicon-toggle-item-69f5afbba737a\" class=\"ez-toc-cssicon-toggle-label\"><span class=\"\"><span class=\"eztoc-hide\" style=\"display:none;\">Toggle<\/span><span class=\"ez-toc-icon-toggle-span\"><svg style=\"fill: #999;color:#999\" xmlns=\"http:\/\/www.w3.org\/2000\/svg\" class=\"list-377408\" width=\"20px\" height=\"20px\" viewBox=\"0 0 24 24\" fill=\"none\"><path d=\"M6 6H4v2h2V6zm14 0H8v2h12V6zM4 11h2v2H4v-2zm16 0H8v2h12v-2zM4 16h2v2H4v-2zm16 0H8v2h12v-2z\" fill=\"currentColor\"><\/path><\/svg><svg style=\"fill: #999;color:#999\" class=\"arrow-unsorted-368013\" xmlns=\"http:\/\/www.w3.org\/2000\/svg\" width=\"10px\" height=\"10px\" viewBox=\"0 0 24 24\" version=\"1.2\" baseProfile=\"tiny\"><path d=\"M18.2 9.3l-6.2-6.3-6.2 6.3c-.2.2-.3.4-.3.7s.1.5.3.7c.2.2.4.3.7.3h11c.3 0 .5-.1.7-.3.2-.2.3-.5.3-.7s-.1-.5-.3-.7zM5.8 14.7l6.2 6.3 6.2-6.3c.2-.2.3-.5.3-.7s-.1-.5-.3-.7c-.2-.2-.4-.3-.7-.3h-11c-.3 0-.5.1-.7.3-.2.2-.3.5-.3.7s.1.5.3.7z\"\/><\/svg><\/span><\/span><\/label><input type=\"checkbox\"  id=\"ez-toc-cssicon-toggle-item-69f5afbba737a\"  aria-label=\"Toggle\" \/><nav><ul class='ez-toc-list ez-toc-list-level-1 ' ><li class='ez-toc-page-1 ez-toc-heading-level-2'><a class=\"ez-toc-link ez-toc-heading-1\" href=\"https:\/\/sicflux.com.br\/blog\/poluicao-do-ar-industria-alimenticia\/#O_que_e_a_Poluicao_do_Ar\" title=\"O que \u00e9 a Polui\u00e7\u00e3o do Ar?&nbsp;\">O que \u00e9 a Polui\u00e7\u00e3o do Ar?&nbsp;<\/a><\/li><li class='ez-toc-page-1 ez-toc-heading-level-2'><a class=\"ez-toc-link ez-toc-heading-2\" href=\"https:\/\/sicflux.com.br\/blog\/poluicao-do-ar-industria-alimenticia\/#Causas_da_Poluicao_do_Ar\" title=\"Causas da Polui\u00e7\u00e3o do Ar&nbsp;\">Causas da Polui\u00e7\u00e3o do Ar&nbsp;<\/a><\/li><li class='ez-toc-page-1 ez-toc-heading-level-2'><a class=\"ez-toc-link ez-toc-heading-3\" href=\"https:\/\/sicflux.com.br\/blog\/poluicao-do-ar-industria-alimenticia\/#Impactos_na_Industria_Alimenticia\" title=\"Impactos na Ind\u00fastria Aliment\u00edcia&nbsp;\">Impactos na Ind\u00fastria Aliment\u00edcia&nbsp;<\/a><ul class='ez-toc-list-level-3' ><li class='ez-toc-heading-level-3'><a class=\"ez-toc-link ez-toc-heading-4\" href=\"https:\/\/sicflux.com.br\/blog\/poluicao-do-ar-industria-alimenticia\/#Qualidade_dos_Alimentos\" title=\"Qualidade dos Alimentos&nbsp;\">Qualidade dos Alimentos&nbsp;<\/a><\/li><li class='ez-toc-page-1 ez-toc-heading-level-3'><a class=\"ez-toc-link ez-toc-heading-5\" href=\"https:\/\/sicflux.com.br\/blog\/poluicao-do-ar-industria-alimenticia\/#Sabor_e_Aroma_dos_Alimentos\" title=\"Sabor e Aroma dos Alimentos&nbsp;\">Sabor e Aroma dos Alimentos&nbsp;<\/a><\/li><li class='ez-toc-page-1 ez-toc-heading-level-3'><a class=\"ez-toc-link ez-toc-heading-6\" href=\"https:\/\/sicflux.com.br\/blog\/poluicao-do-ar-industria-alimenticia\/#Contaminacao_de_Alimentos\" title=\"Contamina\u00e7\u00e3o de Alimentos&nbsp;\">Contamina\u00e7\u00e3o de Alimentos&nbsp;<\/a><\/li><li class='ez-toc-page-1 ez-toc-heading-level-3'><a class=\"ez-toc-link ez-toc-heading-7\" href=\"https:\/\/sicflux.com.br\/blog\/poluicao-do-ar-industria-alimenticia\/#Reducao_da_Produtividade\" title=\"Redu\u00e7\u00e3o da Produtividade&nbsp;\">Redu\u00e7\u00e3o da Produtividade&nbsp;<\/a><\/li><li class='ez-toc-page-1 ez-toc-heading-level-3'><a class=\"ez-toc-link ez-toc-heading-8\" href=\"https:\/\/sicflux.com.br\/blog\/poluicao-do-ar-industria-alimenticia\/#Prejuizos_Economicos\" title=\"Preju\u00edzos Econ\u00f4micos&nbsp;\">Preju\u00edzos Econ\u00f4micos&nbsp;<\/a><\/li><li class='ez-toc-page-1 ez-toc-heading-level-3'><a class=\"ez-toc-link ez-toc-heading-9\" href=\"https:\/\/sicflux.com.br\/blog\/poluicao-do-ar-industria-alimenticia\/#Impactos_Ambientais\" title=\"Impactos Ambientais&nbsp;\">Impactos Ambientais&nbsp;<\/a><\/li><\/ul><\/li><li class='ez-toc-page-1 ez-toc-heading-level-2'><a class=\"ez-toc-link ez-toc-heading-10\" href=\"https:\/\/sicflux.com.br\/blog\/poluicao-do-ar-industria-alimenticia\/#Conclusao\" title=\"Conclus\u00e3o&nbsp;\">Conclus\u00e3o&nbsp;<\/a><\/li><\/ul><\/nav><\/div>\n\n<p>A polui\u00e7\u00e3o do ar \u00e9 um problema global que afeta a qualidade de vida e a sa\u00fade de milh\u00f5es de pessoas em todo o mundo. \u00c9 um fen\u00f4meno complexo e multifacetado, resultante da libera\u00e7\u00e3o de subst\u00e2ncias nocivas na atmosfera por meio de atividades humanas e processos naturais.&nbsp;&nbsp;<\/p>\n\n\n\n<p>Neste artigo, exploraremos o conceito e as causas da polui\u00e7\u00e3o do ar, bem como seus impactos negativos na produ\u00e7\u00e3o dentro da ind\u00fastria aliment\u00edcia.&nbsp;<\/p>\n\n\n\n<h2 class=\"wp-block-heading\"><span class=\"ez-toc-section\" id=\"O_que_e_a_Poluicao_do_Ar\"><\/span><strong>O que \u00e9 a Polui\u00e7\u00e3o do Ar?<\/strong>&nbsp;<span class=\"ez-toc-section-end\"><\/span><\/h2>\n\n\n\n<p>A <a href=\"https:\/\/sicflux.com.br\/blog\/problemas-respiratorios-e-a-poluicao-do-ar-qual-e-a-relacao\/\" target=\"_blank\" rel=\"noreferrer noopener\">polui\u00e7\u00e3o do ar<\/a> \u00e9 definida como a presen\u00e7a de subst\u00e2ncias qu\u00edmicas, part\u00edculas s\u00f3lidas e gases no ar em quantidades que s\u00e3o prejudiciais \u00e0 sa\u00fade humana e ao meio ambiente. Essas subst\u00e2ncias podem ser provenientes de diversas fontes, como ind\u00fastrias, ve\u00edculos, <a href=\"https:\/\/mundoeducacao.uol.com.br\/quimica\/combustiveis-fosseis.htm\" target=\"_blank\" rel=\"noreferrer noopener\">queima de combust\u00edveis f\u00f3sseis<\/a>, atividades agr\u00edcolas, entre outras.&nbsp;&nbsp;<\/p>\n\n\n\n<p>Entre os principais poluentes do ar est\u00e3o o di\u00f3xido de enxofre (SO2), di\u00f3xido de nitrog\u00eanio (NO2), part\u00edculas suspensas (PM), oz\u00f4nio (O3) e mon\u00f3xido de carbono (CO).&nbsp;<\/p>\n\n\n\n<h2 class=\"wp-block-heading\"><span class=\"ez-toc-section\" id=\"Causas_da_Poluicao_do_Ar\"><\/span><strong>Causas da Polui\u00e7\u00e3o do Ar<\/strong>&nbsp;<span class=\"ez-toc-section-end\"><\/span><\/h2>\n\n\n\n<p>A polui\u00e7\u00e3o do ar tem origem em v\u00e1rias fontes, tanto naturais quanto humanas. Entre as causas mais comuns est\u00e3o:&nbsp;<\/p>\n\n\n\n<ol class=\"wp-block-list\"><li>Emiss\u00f5es Industriais: A ind\u00fastria \u00e9 uma das principais contribuintes para a polui\u00e7\u00e3o do ar, liberando gases t\u00f3xicos e part\u00edculas durante os processos de produ\u00e7\u00e3o, como queima de combust\u00edveis e opera\u00e7\u00e3o de maquin\u00e1rios.&nbsp;<\/li><\/ol>\n\n\n\n<ol class=\"wp-block-list\" start=\"2\"><li>Emiss\u00f5es Veiculares: A queima de combust\u00edveis f\u00f3sseis nos ve\u00edculos automotivos \u00e9 uma importante fonte de polui\u00e7\u00e3o do ar, liberando di\u00f3xido de carbono (CO2), \u00f3xidos de nitrog\u00eanio (NOx) e outras subst\u00e2ncias prejudiciais.&nbsp;<\/li><\/ol>\n\n\n\n<ol class=\"wp-block-list\" start=\"3\"><li>Atividades Agr\u00edcolas: A agricultura tamb\u00e9m desempenha um papel significativo na polui\u00e7\u00e3o do ar, especialmente devido ao uso de fertilizantes qu\u00edmicos e pr\u00e1ticas de queima de biomassa.&nbsp;<\/li><\/ol>\n\n\n\n<ol class=\"wp-block-list\" start=\"4\"><li>Queima de Biomassa: A queima de madeira, carv\u00e3o e outros materiais org\u00e2nicos para obten\u00e7\u00e3o de energia ou aquecimento \u00e9 uma causa importante da polui\u00e7\u00e3o do ar, principalmente em \u00e1reas rurais.&nbsp;<\/li><\/ol>\n\n\n\n<h2 class=\"wp-block-heading\"><span class=\"ez-toc-section\" id=\"Impactos_na_Industria_Alimenticia\"><\/span><strong>Impactos na Ind\u00fastria Aliment\u00edcia<\/strong>&nbsp;<span class=\"ez-toc-section-end\"><\/span><\/h2>\n\n\n\n<p>A polui\u00e7\u00e3o do ar pode ter impactos significativos na ind\u00fastria aliment\u00edcia, afetando tanto a produ\u00e7\u00e3o quanto a qualidade dos alimentos. Alguns dos principais impactos s\u00e3o:&nbsp;<\/p>\n\n\n\n<h3 class=\"wp-block-heading\"><span class=\"ez-toc-section\" id=\"Qualidade_dos_Alimentos\"><\/span><strong>Qualidade dos Alimentos<\/strong>&nbsp;<span class=\"ez-toc-section-end\"><\/span><\/h3>\n\n\n\n<p>A presen\u00e7a de poluentes atmosf\u00e9ricos pode contaminar os alimentos durante a produ\u00e7\u00e3o, armazenamento e transporte, comprometendo sua qualidade e seguran\u00e7a. Subst\u00e2ncias t\u00f3xicas podem se depositar na superf\u00edcie dos alimentos, resultando em contamina\u00e7\u00e3o qu\u00edmica.&nbsp;<\/p>\n\n\n\n<h3 class=\"wp-block-heading\"><span class=\"ez-toc-section\" id=\"Sabor_e_Aroma_dos_Alimentos\"><\/span><strong>Sabor e Aroma dos Alimentos<\/strong>&nbsp;<span class=\"ez-toc-section-end\"><\/span><\/h3>\n\n\n\n<p>Alguns poluentes do ar podem alterar o sabor e o aroma dos alimentos, afetando a experi\u00eancia sensorial e sa\u00fade dos consumidores.&nbsp;<\/p>\n\n\n\n<h3 class=\"wp-block-heading\"><span class=\"ez-toc-section\" id=\"Contaminacao_de_Alimentos\"><\/span><strong>Contamina\u00e7\u00e3o de Alimentos<\/strong>&nbsp;<span class=\"ez-toc-section-end\"><\/span><\/h3>\n\n\n\n<p>Part\u00edculas suspensas no ar, como poeira e fuligem, podem se depositar sobre os alimentos e contamin\u00e1-los. Isso pode comprometer a qualidade e a seguran\u00e7a alimentar, colocando em risco a sa\u00fade dos consumidores.&nbsp;<\/p>\n\n\n\n<h3 class=\"wp-block-heading\"><span class=\"ez-toc-section\" id=\"Reducao_da_Produtividade\"><\/span><strong>Redu\u00e7\u00e3o da Produtividade<\/strong>&nbsp;<span class=\"ez-toc-section-end\"><\/span><\/h3>\n\n\n\n<p>A exposi\u00e7\u00e3o constante a poluentes do ar pode afetar a sa\u00fade e o bem-estar dos trabalhadores da ind\u00fastria aliment\u00edcia, levando a problemas respirat\u00f3rios e diminui\u00e7\u00e3o da produtividade.&nbsp;<\/p>\n\n\n\n<h3 class=\"wp-block-heading\"><span class=\"ez-toc-section\" id=\"Prejuizos_Economicos\"><\/span><strong>Preju\u00edzos Econ\u00f4micos<\/strong>&nbsp;<span class=\"ez-toc-section-end\"><\/span><\/h3>\n\n\n\n<p>A necessidade de implementar medidas de controle da polui\u00e7\u00e3o do ar na ind\u00fastria aliment\u00edcia pode representar custos adicionais para as empresas, incluindo investimentos em equipamentos de filtragem e monitoramento da qualidade do ar.&nbsp;<\/p>\n\n\n\n<h3 class=\"wp-block-heading\"><span class=\"ez-toc-section\" id=\"Impactos_Ambientais\"><\/span><strong>Impactos Ambientais<\/strong>&nbsp;<span class=\"ez-toc-section-end\"><\/span><\/h3>\n\n\n\n<p>A polui\u00e7\u00e3o contribui para o <a href=\"https:\/\/iei-brasil.org\/kigalinha\/?gclid=Cj0KCQjwjryjBhD0ARIsAMLvnF8Cfr_KOf5NQCiG6TLX0bdcddmGTAgzUdNVkukHia5Pu3emA-x0DDUaAl5WEALw_wcB\" target=\"_blank\" rel=\"noreferrer noopener\">aquecimento global<\/a> e as mudan\u00e7as clim\u00e1ticas, que afetam a produ\u00e7\u00e3o agr\u00edcola e a disponibilidade de recursos naturais essenciais para a ind\u00fastria aliment\u00edcia.&nbsp;<\/p>\n\n\n\n<h2 class=\"wp-block-heading\"><span class=\"ez-toc-section\" id=\"Conclusao\"><\/span><strong>Conclus\u00e3o<\/strong>&nbsp;<span class=\"ez-toc-section-end\"><\/span><\/h2>\n\n\n\n<p>A polui\u00e7\u00e3o \u00e9 um problema s\u00e9rio que afeta tanto a sa\u00fade humana quanto a produ\u00e7\u00e3o na ind\u00fastria aliment\u00edcia. \u00c9 essencial que sejam adotadas medidas efetivas para reduzir as emiss\u00f5es de poluentes e proteger o meio ambiente, <a href=\"https:\/\/sicflux.com.br\/blog\/renovacao-de-ar-consultorios-odontologicos\/\" target=\"_blank\" rel=\"noreferrer noopener\">renovando o ar.<\/a>&nbsp;<\/p>\n\n\n\n<p>A implementa\u00e7\u00e3o de tecnologias mais limpas, a busca por fontes de energia renov\u00e1vel e a conscientiza\u00e7\u00e3o sobre os impactos da polui\u00e7\u00e3o do ar s\u00e3o passos importantes para garantir um futuro sustent\u00e1vel para a ind\u00fastria aliment\u00edcia e para toda a sociedade.&nbsp;<\/p>\n","protected":false},"excerpt":{"rendered":"<p>A polui\u00e7\u00e3o do ar \u00e9 um problema global que afeta a qualidade de vida e a sa\u00fade de milh\u00f5es de pessoas em todo o mundo. \u00c9 um fen\u00f4meno complexo e multifacetado, resultante da libera\u00e7\u00e3o de&#8230;<\/p>\n","protected":false},"author":1,"featured_media":1744,"comment_status":"open","ping_status":"open","sticky":true,"template":"","format":"standard","meta":{"_acf_changed":false,"footnotes":""},"categories":[1],"tags":[],"class_list":["post-1743","post","type-post","status-publish","format-standard","has-post-thumbnail","hentry","category-sem-categoria"],"acf":[],"yoast_head":"<!-- This site is optimized with the Yoast SEO plugin v24.0 - https:\/\/yoast.com\/wordpress\/plugins\/seo\/ -->\n<title>Polui\u00e7\u00e3o do ar: seus impactos na produ\u00e7\u00e3o da Ind\u00fastria Aliment\u00edcia<\/title>\n<meta name=\"description\" content=\"Entenda como a polui\u00e7\u00e3o do ar pode impactar a produ\u00e7\u00e3o na cadeia aliment\u00edcia e quais m\u00e9todos existem para minimizar esses danos.\" \/>\n<meta name=\"robots\" content=\"index, follow, max-snippet:-1, max-image-preview:large, max-video-preview:-1\" \/>\n<link rel=\"canonical\" href=\"https:\/\/sicflux.com.br\/blog\/poluicao-do-ar-industria-alimenticia\/\" \/>\n<meta property=\"og:locale\" content=\"pt_BR\" \/>\n<meta property=\"og:type\" content=\"article\" \/>\n<meta property=\"og:title\" content=\"Polui\u00e7\u00e3o do ar: seus impactos na produ\u00e7\u00e3o da Ind\u00fastria Aliment\u00edcia\" \/>\n<meta property=\"og:description\" content=\"Entenda como a polui\u00e7\u00e3o do ar pode impactar a produ\u00e7\u00e3o na cadeia aliment\u00edcia e quais m\u00e9todos existem para minimizar esses danos.\" \/>\n<meta property=\"og:url\" content=\"https:\/\/sicflux.com.br\/blog\/poluicao-do-ar-industria-alimenticia\/\" \/>\n<meta property=\"og:site_name\" content=\"Sicflux\" \/>\n<meta property=\"article:publisher\" content=\"https:\/\/www.facebook.com\/sicflux.profissional\/\" \/>\n<meta property=\"article:published_time\" content=\"2023-06-21T19:17:08+00:00\" \/>\n<meta property=\"article:modified_time\" content=\"2023-06-21T19:18:17+00:00\" \/>\n<meta property=\"og:image\" content=\"https:\/\/sicflux.com.br\/blog\/wp-content\/uploads\/2023\/06\/POLUICAO-DO-AR-scaled.jpg\" \/>\n\t<meta property=\"og:image:width\" content=\"2560\" \/>\n\t<meta property=\"og:image:height\" content=\"1707\" \/>\n\t<meta property=\"og:image:type\" content=\"image\/jpeg\" \/>\n<meta name=\"author\" content=\"Sicflux Brasil\" \/>\n<meta name=\"twitter:card\" content=\"summary_large_image\" \/>\n<meta name=\"twitter:label1\" content=\"Escrito por\" \/>\n\t<meta name=\"twitter:data1\" content=\"Sicflux Brasil\" \/>\n\t<meta name=\"twitter:label2\" content=\"Est. tempo de leitura\" \/>\n\t<meta name=\"twitter:data2\" content=\"3 minutos\" \/>\n<script type=\"application\/ld+json\" class=\"yoast-schema-graph\">{\"@context\":\"https:\/\/schema.org\",\"@graph\":[{\"@type\":\"Article\",\"@id\":\"https:\/\/sicflux.com.br\/blog\/poluicao-do-ar-industria-alimenticia\/#article\",\"isPartOf\":{\"@id\":\"https:\/\/sicflux.com.br\/blog\/poluicao-do-ar-industria-alimenticia\/\"},\"author\":{\"name\":\"Sicflux Brasil\",\"@id\":\"https:\/\/sicflux.com.br\/#\/schema\/person\/b0991863a2071fab9bb9cc7a546e04e0\"},\"headline\":\"Polui\u00e7\u00e3o do ar: seus impactos na produ\u00e7\u00e3o da Ind\u00fastria Aliment\u00edcia\",\"datePublished\":\"2023-06-21T19:17:08+00:00\",\"dateModified\":\"2023-06-21T19:18:17+00:00\",\"mainEntityOfPage\":{\"@id\":\"https:\/\/sicflux.com.br\/blog\/poluicao-do-ar-industria-alimenticia\/\"},\"wordCount\":749,\"commentCount\":0,\"publisher\":{\"@id\":\"https:\/\/sicflux.com.br\/#organization\"},\"image\":{\"@id\":\"https:\/\/sicflux.com.br\/blog\/poluicao-do-ar-industria-alimenticia\/#primaryimage\"},\"thumbnailUrl\":\"https:\/\/sicflux.com.br\/blog\/wp-content\/uploads\/2023\/06\/POLUICAO-DO-AR-scaled.jpg\",\"inLanguage\":\"pt-BR\",\"potentialAction\":[{\"@type\":\"CommentAction\",\"name\":\"Comment\",\"target\":[\"https:\/\/sicflux.com.br\/blog\/poluicao-do-ar-industria-alimenticia\/#respond\"]}]},{\"@type\":\"WebPage\",\"@id\":\"https:\/\/sicflux.com.br\/blog\/poluicao-do-ar-industria-alimenticia\/\",\"url\":\"https:\/\/sicflux.com.br\/blog\/poluicao-do-ar-industria-alimenticia\/\",\"name\":\"Polui\u00e7\u00e3o do ar: seus impactos na produ\u00e7\u00e3o da Ind\u00fastria Aliment\u00edcia\",\"isPartOf\":{\"@id\":\"https:\/\/sicflux.com.br\/#website\"},\"primaryImageOfPage\":{\"@id\":\"https:\/\/sicflux.com.br\/blog\/poluicao-do-ar-industria-alimenticia\/#primaryimage\"},\"image\":{\"@id\":\"https:\/\/sicflux.com.br\/blog\/poluicao-do-ar-industria-alimenticia\/#primaryimage\"},\"thumbnailUrl\":\"https:\/\/sicflux.com.br\/blog\/wp-content\/uploads\/2023\/06\/POLUICAO-DO-AR-scaled.jpg\",\"datePublished\":\"2023-06-21T19:17:08+00:00\",\"dateModified\":\"2023-06-21T19:18:17+00:00\",\"description\":\"Entenda como a polui\u00e7\u00e3o do ar pode impactar a produ\u00e7\u00e3o na cadeia aliment\u00edcia e quais m\u00e9todos existem para minimizar esses danos.\",\"breadcrumb\":{\"@id\":\"https:\/\/sicflux.com.br\/blog\/poluicao-do-ar-industria-alimenticia\/#breadcrumb\"},\"inLanguage\":\"pt-BR\",\"potentialAction\":[{\"@type\":\"ReadAction\",\"target\":[\"https:\/\/sicflux.com.br\/blog\/poluicao-do-ar-industria-alimenticia\/\"]}]},{\"@type\":\"ImageObject\",\"inLanguage\":\"pt-BR\",\"@id\":\"https:\/\/sicflux.com.br\/blog\/poluicao-do-ar-industria-alimenticia\/#primaryimage\",\"url\":\"https:\/\/sicflux.com.br\/blog\/wp-content\/uploads\/2023\/06\/POLUICAO-DO-AR-scaled.jpg\",\"contentUrl\":\"https:\/\/sicflux.com.br\/blog\/wp-content\/uploads\/2023\/06\/POLUICAO-DO-AR-scaled.jpg\",\"width\":2560,\"height\":1707,\"caption\":\"A wide angle shot of white smoke coming out of the nuclear plants\"},{\"@type\":\"BreadcrumbList\",\"@id\":\"https:\/\/sicflux.com.br\/blog\/poluicao-do-ar-industria-alimenticia\/#breadcrumb\",\"itemListElement\":[{\"@type\":\"ListItem\",\"position\":1,\"name\":\"In\u00edcio\",\"item\":\"https:\/\/sicflux.com.br\/\"},{\"@type\":\"ListItem\",\"position\":2,\"name\":\"Polui\u00e7\u00e3o do ar: seus impactos na produ\u00e7\u00e3o da Ind\u00fastria Aliment\u00edcia\"}]},{\"@type\":\"WebSite\",\"@id\":\"https:\/\/sicflux.com.br\/#website\",\"url\":\"https:\/\/sicflux.com.br\/\",\"name\":\"Sicflux Brasil\",\"description\":\"Ar em movimento\",\"publisher\":{\"@id\":\"https:\/\/sicflux.com.br\/#organization\"},\"alternateName\":\"Sicflux Brasil\",\"potentialAction\":[{\"@type\":\"SearchAction\",\"target\":{\"@type\":\"EntryPoint\",\"urlTemplate\":\"https:\/\/sicflux.com.br\/?s={search_term_string}\"},\"query-input\":{\"@type\":\"PropertyValueSpecification\",\"valueRequired\":true,\"valueName\":\"search_term_string\"}}],\"inLanguage\":\"pt-BR\"},{\"@type\":\"Organization\",\"@id\":\"https:\/\/sicflux.com.br\/#organization\",\"name\":\"Sicflux Brasil\",\"alternateName\":\"Sicflux Brasil\",\"url\":\"https:\/\/sicflux.com.br\/\",\"logo\":{\"@type\":\"ImageObject\",\"inLanguage\":\"pt-BR\",\"@id\":\"https:\/\/sicflux.com.br\/#\/schema\/logo\/image\/\",\"url\":\"https:\/\/sicflux.com.br\/blog\/wp-content\/uploads\/2019\/09\/logo-sicflux-1.png\",\"contentUrl\":\"https:\/\/sicflux.com.br\/blog\/wp-content\/uploads\/2019\/09\/logo-sicflux-1.png\",\"width\":600,\"height\":169,\"caption\":\"Sicflux Brasil\"},\"image\":{\"@id\":\"https:\/\/sicflux.com.br\/#\/schema\/logo\/image\/\"},\"sameAs\":[\"https:\/\/www.facebook.com\/sicflux.profissional\/\",\"https:\/\/www.instagram.com\/sicflux\/\",\"https:\/\/www.linkedin.com\/company\/sicflux\/\"]},{\"@type\":\"Person\",\"@id\":\"https:\/\/sicflux.com.br\/#\/schema\/person\/b0991863a2071fab9bb9cc7a546e04e0\",\"name\":\"Sicflux Brasil\",\"image\":{\"@type\":\"ImageObject\",\"inLanguage\":\"pt-BR\",\"@id\":\"https:\/\/sicflux.com.br\/#\/schema\/person\/image\/\",\"url\":\"https:\/\/secure.gravatar.com\/avatar\/27089a835d9c4ab26557590e093588b0?s=96&d=mm&r=g\",\"contentUrl\":\"https:\/\/secure.gravatar.com\/avatar\/27089a835d9c4ab26557590e093588b0?s=96&d=mm&r=g\",\"caption\":\"Sicflux Brasil\"}}]}<\/script>\n<!-- \/ Yoast SEO plugin. -->","yoast_head_json":{"title":"Polui\u00e7\u00e3o do ar: seus impactos na produ\u00e7\u00e3o da Ind\u00fastria Aliment\u00edcia","description":"Entenda como a polui\u00e7\u00e3o do ar pode impactar a produ\u00e7\u00e3o na cadeia aliment\u00edcia e quais m\u00e9todos existem para minimizar esses danos.","robots":{"index":"index","follow":"follow","max-snippet":"max-snippet:-1","max-image-preview":"max-image-preview:large","max-video-preview":"max-video-preview:-1"},"canonical":"https:\/\/sicflux.com.br\/blog\/poluicao-do-ar-industria-alimenticia\/","og_locale":"pt_BR","og_type":"article","og_title":"Polui\u00e7\u00e3o do ar: seus impactos na produ\u00e7\u00e3o da Ind\u00fastria Aliment\u00edcia","og_description":"Entenda como a polui\u00e7\u00e3o do ar pode impactar a produ\u00e7\u00e3o na cadeia aliment\u00edcia e quais m\u00e9todos existem para minimizar esses danos.","og_url":"https:\/\/sicflux.com.br\/blog\/poluicao-do-ar-industria-alimenticia\/","og_site_name":"Sicflux","article_publisher":"https:\/\/www.facebook.com\/sicflux.profissional\/","article_published_time":"2023-06-21T19:17:08+00:00","article_modified_time":"2023-06-21T19:18:17+00:00","og_image":[{"width":2560,"height":1707,"url":"https:\/\/sicflux.com.br\/blog\/wp-content\/uploads\/2023\/06\/POLUICAO-DO-AR-scaled.jpg","type":"image\/jpeg"}],"author":"Sicflux Brasil","twitter_card":"summary_large_image","twitter_misc":{"Escrito por":"Sicflux Brasil","Est. tempo de leitura":"3 minutos"},"schema":{"@context":"https:\/\/schema.org","@graph":[{"@type":"Article","@id":"https:\/\/sicflux.com.br\/blog\/poluicao-do-ar-industria-alimenticia\/#article","isPartOf":{"@id":"https:\/\/sicflux.com.br\/blog\/poluicao-do-ar-industria-alimenticia\/"},"author":{"name":"Sicflux Brasil","@id":"https:\/\/sicflux.com.br\/#\/schema\/person\/b0991863a2071fab9bb9cc7a546e04e0"},"headline":"Polui\u00e7\u00e3o do ar: seus impactos na produ\u00e7\u00e3o da Ind\u00fastria Aliment\u00edcia","datePublished":"2023-06-21T19:17:08+00:00","dateModified":"2023-06-21T19:18:17+00:00","mainEntityOfPage":{"@id":"https:\/\/sicflux.com.br\/blog\/poluicao-do-ar-industria-alimenticia\/"},"wordCount":749,"commentCount":0,"publisher":{"@id":"https:\/\/sicflux.com.br\/#organization"},"image":{"@id":"https:\/\/sicflux.com.br\/blog\/poluicao-do-ar-industria-alimenticia\/#primaryimage"},"thumbnailUrl":"https:\/\/sicflux.com.br\/blog\/wp-content\/uploads\/2023\/06\/POLUICAO-DO-AR-scaled.jpg","inLanguage":"pt-BR","potentialAction":[{"@type":"CommentAction","name":"Comment","target":["https:\/\/sicflux.com.br\/blog\/poluicao-do-ar-industria-alimenticia\/#respond"]}]},{"@type":"WebPage","@id":"https:\/\/sicflux.com.br\/blog\/poluicao-do-ar-industria-alimenticia\/","url":"https:\/\/sicflux.com.br\/blog\/poluicao-do-ar-industria-alimenticia\/","name":"Polui\u00e7\u00e3o do ar: seus impactos na produ\u00e7\u00e3o da Ind\u00fastria Aliment\u00edcia","isPartOf":{"@id":"https:\/\/sicflux.com.br\/#website"},"primaryImageOfPage":{"@id":"https:\/\/sicflux.com.br\/blog\/poluicao-do-ar-industria-alimenticia\/#primaryimage"},"image":{"@id":"https:\/\/sicflux.com.br\/blog\/poluicao-do-ar-industria-alimenticia\/#primaryimage"},"thumbnailUrl":"https:\/\/sicflux.com.br\/blog\/wp-content\/uploads\/2023\/06\/POLUICAO-DO-AR-scaled.jpg","datePublished":"2023-06-21T19:17:08+00:00","dateModified":"2023-06-21T19:18:17+00:00","description":"Entenda como a polui\u00e7\u00e3o do ar pode impactar a produ\u00e7\u00e3o na cadeia aliment\u00edcia e quais m\u00e9todos existem para minimizar esses danos.","breadcrumb":{"@id":"https:\/\/sicflux.com.br\/blog\/poluicao-do-ar-industria-alimenticia\/#breadcrumb"},"inLanguage":"pt-BR","potentialAction":[{"@type":"ReadAction","target":["https:\/\/sicflux.com.br\/blog\/poluicao-do-ar-industria-alimenticia\/"]}]},{"@type":"ImageObject","inLanguage":"pt-BR","@id":"https:\/\/sicflux.com.br\/blog\/poluicao-do-ar-industria-alimenticia\/#primaryimage","url":"https:\/\/sicflux.com.br\/blog\/wp-content\/uploads\/2023\/06\/POLUICAO-DO-AR-scaled.jpg","contentUrl":"https:\/\/sicflux.com.br\/blog\/wp-content\/uploads\/2023\/06\/POLUICAO-DO-AR-scaled.jpg","width":2560,"height":1707,"caption":"A wide angle shot of white smoke coming out of the nuclear plants"},{"@type":"BreadcrumbList","@id":"https:\/\/sicflux.com.br\/blog\/poluicao-do-ar-industria-alimenticia\/#breadcrumb","itemListElement":[{"@type":"ListItem","position":1,"name":"In\u00edcio","item":"https:\/\/sicflux.com.br\/"},{"@type":"ListItem","position":2,"name":"Polui\u00e7\u00e3o do ar: seus impactos na produ\u00e7\u00e3o da Ind\u00fastria Aliment\u00edcia"}]},{"@type":"WebSite","@id":"https:\/\/sicflux.com.br\/#website","url":"https:\/\/sicflux.com.br\/","name":"Sicflux Brasil","description":"Ar em movimento","publisher":{"@id":"https:\/\/sicflux.com.br\/#organization"},"alternateName":"Sicflux Brasil","potentialAction":[{"@type":"SearchAction","target":{"@type":"EntryPoint","urlTemplate":"https:\/\/sicflux.com.br\/?s={search_term_string}"},"query-input":{"@type":"PropertyValueSpecification","valueRequired":true,"valueName":"search_term_string"}}],"inLanguage":"pt-BR"},{"@type":"Organization","@id":"https:\/\/sicflux.com.br\/#organization","name":"Sicflux Brasil","alternateName":"Sicflux Brasil","url":"https:\/\/sicflux.com.br\/","logo":{"@type":"ImageObject","inLanguage":"pt-BR","@id":"https:\/\/sicflux.com.br\/#\/schema\/logo\/image\/","url":"https:\/\/sicflux.com.br\/blog\/wp-content\/uploads\/2019\/09\/logo-sicflux-1.png","contentUrl":"https:\/\/sicflux.com.br\/blog\/wp-content\/uploads\/2019\/09\/logo-sicflux-1.png","width":600,"height":169,"caption":"Sicflux Brasil"},"image":{"@id":"https:\/\/sicflux.com.br\/#\/schema\/logo\/image\/"},"sameAs":["https:\/\/www.facebook.com\/sicflux.profissional\/","https:\/\/www.instagram.com\/sicflux\/","https:\/\/www.linkedin.com\/company\/sicflux\/"]},{"@type":"Person","@id":"https:\/\/sicflux.com.br\/#\/schema\/person\/b0991863a2071fab9bb9cc7a546e04e0","name":"Sicflux Brasil","image":{"@type":"ImageObject","inLanguage":"pt-BR","@id":"https:\/\/sicflux.com.br\/#\/schema\/person\/image\/","url":"https:\/\/secure.gravatar.com\/avatar\/27089a835d9c4ab26557590e093588b0?s=96&d=mm&r=g","contentUrl":"https:\/\/secure.gravatar.com\/avatar\/27089a835d9c4ab26557590e093588b0?s=96&d=mm&r=g","caption":"Sicflux Brasil"}}]}},"_links":{"self":[{"href":"https:\/\/sicflux.com.br\/blog\/wp-json\/wp\/v2\/posts\/1743","targetHints":{"allow":["GET"]}}],"collection":[{"href":"https:\/\/sicflux.com.br\/blog\/wp-json\/wp\/v2\/posts"}],"about":[{"href":"https:\/\/sicflux.com.br\/blog\/wp-json\/wp\/v2\/types\/post"}],"author":[{"embeddable":true,"href":"https:\/\/sicflux.com.br\/blog\/wp-json\/wp\/v2\/users\/1"}],"replies":[{"embeddable":true,"href":"https:\/\/sicflux.com.br\/blog\/wp-json\/wp\/v2\/comments?post=1743"}],"version-history":[{"count":0,"href":"https:\/\/sicflux.com.br\/blog\/wp-json\/wp\/v2\/posts\/1743\/revisions"}],"wp:featuredmedia":[{"embeddable":true,"href":"https:\/\/sicflux.com.br\/blog\/wp-json\/wp\/v2\/media\/1744"}],"wp:attachment":[{"href":"https:\/\/sicflux.com.br\/blog\/wp-json\/wp\/v2\/media?parent=1743"}],"wp:term":[{"taxonomy":"category","embeddable":true,"href":"https:\/\/sicflux.com.br\/blog\/wp-json\/wp\/v2\/categories?post=1743"},{"taxonomy":"post_tag","embeddable":true,"href":"https:\/\/sicflux.com.br\/blog\/wp-json\/wp\/v2\/tags?post=1743"}],"curies":[{"name":"wp","href":"https:\/\/api.w.org\/{rel}","templated":true}]}}