{"id":1962,"date":"2024-08-21T09:56:10","date_gmt":"2024-08-21T12:56:10","guid":{"rendered":"https:\/\/sicflux.com.br\/blog\/?p=1962"},"modified":"2024-08-21T09:56:13","modified_gmt":"2024-08-21T12:56:13","slug":"mitos-comuns-sobre-qualidade-do-ar-em-projetos","status":"publish","type":"post","link":"https:\/\/sicflux.com.br\/blog\/mitos-comuns-sobre-qualidade-do-ar-em-projetos\/","title":{"rendered":"Mitos comuns sobre qualidade do ar em projetos"},"content":{"rendered":"<div id=\"ez-toc-container\" class=\"ez-toc-v2_0_69_1 counter-hierarchy ez-toc-counter ez-toc-custom ez-toc-container-direction\">\n<p class=\"ez-toc-title\" style=\"cursor:inherit\">\u00cdndice<\/p>\n<label for=\"ez-toc-cssicon-toggle-item-69f3fb73a6b36\" class=\"ez-toc-cssicon-toggle-label\"><span class=\"\"><span class=\"eztoc-hide\" style=\"display:none;\">Toggle<\/span><span class=\"ez-toc-icon-toggle-span\"><svg style=\"fill: #999;color:#999\" xmlns=\"http:\/\/www.w3.org\/2000\/svg\" class=\"list-377408\" width=\"20px\" height=\"20px\" viewBox=\"0 0 24 24\" fill=\"none\"><path d=\"M6 6H4v2h2V6zm14 0H8v2h12V6zM4 11h2v2H4v-2zm16 0H8v2h12v-2zM4 16h2v2H4v-2zm16 0H8v2h12v-2z\" fill=\"currentColor\"><\/path><\/svg><svg style=\"fill: #999;color:#999\" class=\"arrow-unsorted-368013\" xmlns=\"http:\/\/www.w3.org\/2000\/svg\" width=\"10px\" height=\"10px\" viewBox=\"0 0 24 24\" version=\"1.2\" baseProfile=\"tiny\"><path d=\"M18.2 9.3l-6.2-6.3-6.2 6.3c-.2.2-.3.4-.3.7s.1.5.3.7c.2.2.4.3.7.3h11c.3 0 .5-.1.7-.3.2-.2.3-.5.3-.7s-.1-.5-.3-.7zM5.8 14.7l6.2 6.3 6.2-6.3c.2-.2.3-.5.3-.7s-.1-.5-.3-.7c-.2-.2-.4-.3-.7-.3h-11c-.3 0-.5.1-.7.3-.2.2-.3.5-.3.7s.1.5.3.7z\"\/><\/svg><\/span><\/span><\/label><input type=\"checkbox\"  id=\"ez-toc-cssicon-toggle-item-69f3fb73a6b36\"  aria-label=\"Toggle\" \/><nav><ul class='ez-toc-list ez-toc-list-level-1 ' ><li class='ez-toc-page-1 ez-toc-heading-level-2'><a class=\"ez-toc-link ez-toc-heading-1\" href=\"https:\/\/sicflux.com.br\/blog\/mitos-comuns-sobre-qualidade-do-ar-em-projetos\/#1_Se_o_ar_nao_tem_cheiro_ruim_a_qualidade_esta_boa\" title=\"1. Se o ar n\u00e3o tem cheiro ruim, a qualidade est\u00e1 boa.\">1. Se o ar n\u00e3o tem cheiro ruim, a qualidade est\u00e1 boa.<\/a><\/li><li class='ez-toc-page-1 ez-toc-heading-level-2'><a class=\"ez-toc-link ez-toc-heading-2\" href=\"https:\/\/sicflux.com.br\/blog\/mitos-comuns-sobre-qualidade-do-ar-em-projetos\/#2_Sistemas_de_ventilacao_natural_sao_suficientes_para_garantir_uma_boa_qualidade_do_ar\" title=\"2. Sistemas de ventila\u00e7\u00e3o natural s\u00e3o suficientes para garantir uma boa qualidade do ar.\">2. Sistemas de ventila\u00e7\u00e3o natural s\u00e3o suficientes para garantir uma boa qualidade do ar.<\/a><\/li><li class='ez-toc-page-1 ez-toc-heading-level-2'><a class=\"ez-toc-link ez-toc-heading-3\" href=\"https:\/\/sicflux.com.br\/blog\/mitos-comuns-sobre-qualidade-do-ar-em-projetos\/#3_Isolar_o_edificio_para_manter_o_ar_quente_ou_frio_melhora_a_qualidade_do_ar\" title=\"3. Isolar o edif\u00edcio para manter o ar quente ou frio melhora a qualidade do ar.\">3. Isolar o edif\u00edcio para manter o ar quente ou frio melhora a qualidade do ar.<\/a><\/li><li class='ez-toc-page-1 ez-toc-heading-level-2'><a class=\"ez-toc-link ez-toc-heading-4\" href=\"https:\/\/sicflux.com.br\/blog\/mitos-comuns-sobre-qualidade-do-ar-em-projetos\/#4_As_plantas_internas_sao_suficientes_para_melhorar_a_qualidade_do_ar\" title=\"4. As plantas internas s\u00e3o suficientes para melhorar a qualidade do ar.\">4. As plantas internas s\u00e3o suficientes para melhorar a qualidade do ar.<\/a><\/li><li class='ez-toc-page-1 ez-toc-heading-level-2'><a class=\"ez-toc-link ez-toc-heading-5\" href=\"https:\/\/sicflux.com.br\/blog\/mitos-comuns-sobre-qualidade-do-ar-em-projetos\/#5_Filtros_de_ar_sao_suficientes_para_manter_a_qualidade_do_ar_boa\" title=\"5. Filtros de ar s\u00e3o suficientes para manter a qualidade do ar boa.\">5. Filtros de ar s\u00e3o suficientes para manter a qualidade do ar boa.<\/a><\/li><li class='ez-toc-page-1 ez-toc-heading-level-2'><a class=\"ez-toc-link ez-toc-heading-6\" href=\"https:\/\/sicflux.com.br\/blog\/mitos-comuns-sobre-qualidade-do-ar-em-projetos\/#6_A_qualidade_do_ar_e_uma_preocupacao_apenas_durante_a_construcao\" title=\"6. A qualidade do ar \u00e9 uma preocupa\u00e7\u00e3o apenas durante a constru\u00e7\u00e3o.\">6. A qualidade do ar \u00e9 uma preocupa\u00e7\u00e3o apenas durante a constru\u00e7\u00e3o.<\/a><\/li><li class='ez-toc-page-1 ez-toc-heading-level-2'><a class=\"ez-toc-link ez-toc-heading-7\" href=\"https:\/\/sicflux.com.br\/blog\/mitos-comuns-sobre-qualidade-do-ar-em-projetos\/#7_Qualquer_sistema_de_ventilacao_pode_ser_usado_em_qualquer_tipo_de_edificio\" title=\"7. Qualquer sistema de ventila\u00e7\u00e3o pode ser usado em qualquer tipo de edif\u00edcio.\">7. Qualquer sistema de ventila\u00e7\u00e3o pode ser usado em qualquer tipo de edif\u00edcio.<\/a><\/li><li class='ez-toc-page-1 ez-toc-heading-level-2'><a class=\"ez-toc-link ez-toc-heading-8\" href=\"https:\/\/sicflux.com.br\/blog\/mitos-comuns-sobre-qualidade-do-ar-em-projetos\/#8_Os_problemas_de_qualidade_do_ar_interior_so_aparecem_com_o_tempo\" title=\"8. Os problemas de qualidade do ar interior s\u00f3 aparecem com o tempo.\">8. Os problemas de qualidade do ar interior s\u00f3 aparecem com o tempo.<\/a><\/li><li class='ez-toc-page-1 ez-toc-heading-level-2'><a class=\"ez-toc-link ez-toc-heading-9\" href=\"https:\/\/sicflux.com.br\/blog\/mitos-comuns-sobre-qualidade-do-ar-em-projetos\/#Conclusao\" title=\"Conclus\u00e3o\">Conclus\u00e3o<\/a><\/li><\/ul><\/nav><\/div>\n\n<p>A qualidade do ar interior \u00e9 um fator necess\u00e1rio para o bem-estar e a sa\u00fade dos ocupantes de qualquer edif\u00edcio. No entanto, existem muitos mitos que cercam o tema, levando a equ\u00edvocos comuns que podem comprometer a efici\u00eancia dos projetos e a sa\u00fade dos usu\u00e1rios.<\/p>\n\n\n\n<p>A seguir, abordamos seis mitos comuns sobre a qualidade do ar em projetos e explicamos por que eles est\u00e3o errados.<\/p>\n\n\n\n<h2 class=\"wp-block-heading\"><span class=\"ez-toc-section\" id=\"1_Se_o_ar_nao_tem_cheiro_ruim_a_qualidade_esta_boa\"><\/span><strong>1. Se o ar n\u00e3o tem cheiro ruim, a qualidade est\u00e1 boa.<\/strong><span class=\"ez-toc-section-end\"><\/span><\/h2>\n\n\n\n<p>Este mito \u00e9 perigoso porque a aus\u00eancia de odores n\u00e3o significa que o ar est\u00e1 livre de poluentes. Muitos contaminantes, como o di\u00f3xido de carbono (CO<sub>2<\/sub>) e compostos org\u00e2nicos vol\u00e1teis (COVs), n\u00e3o t\u00eam cheiro, mas podem causar s\u00e9rios problemas de sa\u00fade. A qualidade do ar deve ser avaliada por diversos par\u00e2metros al\u00e9m do odor.<\/p>\n\n\n\n<h2 class=\"wp-block-heading\"><span class=\"ez-toc-section\" id=\"2_Sistemas_de_ventilacao_natural_sao_suficientes_para_garantir_uma_boa_qualidade_do_ar\"><\/span><strong>2. Sistemas de ventila\u00e7\u00e3o natural s\u00e3o suficientes para garantir uma boa qualidade do ar.<\/strong><span class=\"ez-toc-section-end\"><\/span><\/h2>\n\n\n\n<p>Embora a ventila\u00e7\u00e3o natural possa ser ben\u00e9fica, ela nem sempre \u00e9 suficiente. Em climas extremos ou \u00e1reas polu\u00eddas, a ventila\u00e7\u00e3o natural pode n\u00e3o atender \u00e0s necessidades de renova\u00e7\u00e3o de ar, o que pode comprometer a qualidade do ar interno. Sistemas de ventila\u00e7\u00e3o mec\u00e2nica, em combina\u00e7\u00e3o com a ventila\u00e7\u00e3o natural, podem ser necess\u00e1rios para garantir uma boa qualidade do ar.<\/p>\n\n\n\n<h2 class=\"wp-block-heading\"><span class=\"ez-toc-section\" id=\"3_Isolar_o_edificio_para_manter_o_ar_quente_ou_frio_melhora_a_qualidade_do_ar\"><\/span><strong>3. Isolar o edif\u00edcio para manter o ar quente ou frio melhora a qualidade do ar.<\/strong><span class=\"ez-toc-section-end\"><\/span><\/h2>\n\n\n\n<p>Isolar um edif\u00edcio pode ser vantajoso para efici\u00eancia energ\u00e9tica, mas pode tamb\u00e9m reter poluentes no interior se n\u00e3o for combinado com um sistema de ventila\u00e7\u00e3o adequado. \u00c9 fundamental equilibrar o isolamento com uma boa ventila\u00e7\u00e3o para garantir que o ar interno seja renovado e mantido em condi\u00e7\u00f5es saud\u00e1veis.<\/p>\n\n\n\n<h2 class=\"wp-block-heading\"><span class=\"ez-toc-section\" id=\"4_As_plantas_internas_sao_suficientes_para_melhorar_a_qualidade_do_ar\"><\/span><strong>4. As plantas internas s\u00e3o suficientes para melhorar a qualidade do ar.<\/strong><span class=\"ez-toc-section-end\"><\/span><\/h2>\n\n\n\n<p>Embora as plantas possam ajudar a absorver alguns poluentes, elas n\u00e3o substituem a necessidade de um sistema de ventila\u00e7\u00e3o e filtragem eficiente. As plantas podem contribuir para a melhoria do ambiente, mas n\u00e3o s\u00e3o suficientes para resolver problemas de qualidade do ar por si s\u00f3.<\/p>\n\n\n\n<h2 class=\"wp-block-heading\"><span class=\"ez-toc-section\" id=\"5_Filtros_de_ar_sao_suficientes_para_manter_a_qualidade_do_ar_boa\"><\/span><strong>5. Filtros de ar s\u00e3o suficientes para manter a qualidade do ar boa.<\/strong><span class=\"ez-toc-section-end\"><\/span><\/h2>\n\n\n\n<p>Filtros de ar s\u00e3o uma parte importante do sistema de ventila\u00e7\u00e3o, mas apenas mant\u00ea-los n\u00e3o \u00e9 suficiente. A efic\u00e1cia dos filtros depende de sua manuten\u00e7\u00e3o regular e da renova\u00e7\u00e3o do ar. Um sistema bem projetado deve incluir a manuten\u00e7\u00e3o adequada dos filtros e a gest\u00e3o de outras fontes de polui\u00e7\u00e3o.<\/p>\n\n\n\n<h2 class=\"wp-block-heading\"><span class=\"ez-toc-section\" id=\"6_A_qualidade_do_ar_e_uma_preocupacao_apenas_durante_a_construcao\"><\/span><strong>6. A qualidade do ar \u00e9 uma preocupa\u00e7\u00e3o apenas durante a constru\u00e7\u00e3o.<\/strong><span class=\"ez-toc-section-end\"><\/span><\/h2>\n\n\n\n<p>Este mito ignora a necessidade de monitoramento e manuten\u00e7\u00e3o cont\u00ednuos. Mesmo ap\u00f3s a constru\u00e7\u00e3o, a qualidade do ar pode ser afetada por novas fontes de polui\u00e7\u00e3o e mudan\u00e7as no uso do edif\u00edcio. A manuten\u00e7\u00e3o regular e a monitoriza\u00e7\u00e3o s\u00e3o essenciais para garantir um ambiente saud\u00e1vel a longo prazo.<\/p>\n\n\n\n<h2 class=\"wp-block-heading\"><span class=\"ez-toc-section\" id=\"7_Qualquer_sistema_de_ventilacao_pode_ser_usado_em_qualquer_tipo_de_edificio\"><\/span><strong>7. Qualquer sistema de ventila\u00e7\u00e3o pode ser usado em qualquer tipo de edif\u00edcio.<\/strong><span class=\"ez-toc-section-end\"><\/span><\/h2>\n\n\n\n<p>Este mito ignora as especificidades de cada tipo de edif\u00edcio e suas necessidades. Edif\u00edcios com fun\u00e7\u00f5es e ocupa\u00e7\u00f5es diferentes, como hospitais, escolas ou escrit\u00f3rios, t\u00eam requisitos variados para ventila\u00e7\u00e3o. Por exemplo, hospitais exigem sistemas com alta efici\u00eancia para minimizar infec\u00e7\u00f5es, enquanto escrit\u00f3rios podem necessitar de solu\u00e7\u00f5es para melhorar a concentra\u00e7\u00e3o e o conforto dos funcion\u00e1rios. Um sistema de ventila\u00e7\u00e3o deve ser projetado levando em conta as caracter\u00edsticas e as necessidades espec\u00edficas do edif\u00edcio.<\/p>\n\n\n\n<h2 class=\"wp-block-heading\"><span class=\"ez-toc-section\" id=\"8_Os_problemas_de_qualidade_do_ar_interior_so_aparecem_com_o_tempo\"><\/span><strong>8. Os problemas de qualidade do ar interior s\u00f3 aparecem com o tempo.<\/strong><span class=\"ez-toc-section-end\"><\/span><\/h2>\n\n\n\n<p>Este mito desconsidera que problemas de qualidade do ar podem ocorrer imediatamente ap\u00f3s a ocupa\u00e7\u00e3o de um edif\u00edcio, especialmente em projetos mal planejados ou com materiais e sistemas inadequados. Poluentes, como formalde\u00eddo e COVs, podem ser liberados por novos materiais de constru\u00e7\u00e3o e mobili\u00e1rio, impactando a qualidade do ar logo no in\u00edcio. Monitorar e gerenciar a qualidade do ar desde a fase de projeto e instala\u00e7\u00e3o \u00e9 crucial para evitar problemas futuros.<\/p>\n\n\n\n<h2 class=\"wp-block-heading\"><span class=\"ez-toc-section\" id=\"Conclusao\"><\/span><strong>Conclus\u00e3o<\/strong><span class=\"ez-toc-section-end\"><\/span><\/h2>\n\n\n\n<p>A qualidade do ar interior \u00e9 essencial para o conforto e a sa\u00fade dos ocupantes de qualquer edif\u00edcio. Compreender e desmistificar os mitos comuns sobre o tema \u00e9 fundamental para projetar e manter ambientes internos saud\u00e1veis e eficientes.<\/p>\n\n\n\n<p>A Sicflux \u00e9 especialista em qualidade do ar e est\u00e1 aqui para ajudar voc\u00ea a superar esses desafios. Oferecemos solu\u00e7\u00f5es completas, desde a avalia\u00e7\u00e3o e planejamento at\u00e9 a implementa\u00e7\u00e3o e manuten\u00e7\u00e3o de sistemas de ventila\u00e7\u00e3o e filtragem. Entre em contato conosco para garantir que o ar que voc\u00ea respira seja sempre limpo e saud\u00e1vel.<\/p>\n","protected":false},"excerpt":{"rendered":"<p>A qualidade do ar interior \u00e9 um fator necess\u00e1rio para o bem-estar e a sa\u00fade dos ocupantes de qualquer edif\u00edcio. No entanto, existem muitos mitos que cercam o tema, levando a equ\u00edvocos comuns que podem&#8230;<\/p>\n","protected":false},"author":1,"featured_media":1963,"comment_status":"open","ping_status":"open","sticky":true,"template":"","format":"standard","meta":{"_acf_changed":false,"footnotes":""},"categories":[10],"tags":[],"class_list":["post-1962","post","type-post","status-publish","format-standard","has-post-thumbnail","hentry","category-qualidade-do-ar"],"acf":[],"yoast_head":"<!-- This site is optimized with the Yoast SEO plugin v24.0 - https:\/\/yoast.com\/wordpress\/plugins\/seo\/ -->\n<title>Mitos comuns sobre qualidade do ar em projetos - Sicflux<\/title>\n<meta name=\"description\" content=\"A qualidade do ar interior \u00e9 um fator necess\u00e1rio para o bem-estar e a sa\u00fade dos ocupantes de qualquer edif\u00edcio. No entanto, existem muitos mitos que\" \/>\n<meta name=\"robots\" content=\"index, follow, max-snippet:-1, max-image-preview:large, max-video-preview:-1\" \/>\n<link rel=\"canonical\" href=\"https:\/\/sicflux.com.br\/blog\/mitos-comuns-sobre-qualidade-do-ar-em-projetos\/\" \/>\n<meta property=\"og:locale\" content=\"pt_BR\" \/>\n<meta property=\"og:type\" content=\"article\" \/>\n<meta property=\"og:title\" content=\"Mitos comuns sobre qualidade do ar em projetos - Sicflux\" \/>\n<meta property=\"og:description\" content=\"A qualidade do ar interior \u00e9 um fator necess\u00e1rio para o bem-estar e a sa\u00fade dos ocupantes de qualquer edif\u00edcio. No entanto, existem muitos mitos que\" \/>\n<meta property=\"og:url\" content=\"https:\/\/sicflux.com.br\/blog\/mitos-comuns-sobre-qualidade-do-ar-em-projetos\/\" \/>\n<meta property=\"og:site_name\" content=\"Sicflux\" \/>\n<meta property=\"article:publisher\" content=\"https:\/\/www.facebook.com\/sicflux.profissional\/\" \/>\n<meta property=\"article:published_time\" content=\"2024-08-21T12:56:10+00:00\" \/>\n<meta property=\"article:modified_time\" content=\"2024-08-21T12:56:13+00:00\" \/>\n<meta property=\"og:image\" content=\"https:\/\/sicflux.com.br\/blog\/wp-content\/uploads\/2024\/08\/Links02.png\" \/>\n\t<meta property=\"og:image:width\" content=\"1200\" \/>\n\t<meta property=\"og:image:height\" content=\"527\" \/>\n\t<meta property=\"og:image:type\" content=\"image\/png\" \/>\n<meta name=\"author\" content=\"Sicflux Brasil\" \/>\n<meta name=\"twitter:card\" content=\"summary_large_image\" \/>\n<meta name=\"twitter:label1\" content=\"Escrito por\" \/>\n\t<meta name=\"twitter:data1\" content=\"Sicflux Brasil\" \/>\n\t<meta name=\"twitter:label2\" content=\"Est. tempo de leitura\" \/>\n\t<meta name=\"twitter:data2\" content=\"4 minutos\" \/>\n<script type=\"application\/ld+json\" class=\"yoast-schema-graph\">{\"@context\":\"https:\/\/schema.org\",\"@graph\":[{\"@type\":\"Article\",\"@id\":\"https:\/\/sicflux.com.br\/blog\/mitos-comuns-sobre-qualidade-do-ar-em-projetos\/#article\",\"isPartOf\":{\"@id\":\"https:\/\/sicflux.com.br\/blog\/mitos-comuns-sobre-qualidade-do-ar-em-projetos\/\"},\"author\":{\"name\":\"Sicflux Brasil\",\"@id\":\"https:\/\/sicflux.com.br\/#\/schema\/person\/b0991863a2071fab9bb9cc7a546e04e0\"},\"headline\":\"Mitos comuns sobre qualidade do ar em projetos\",\"datePublished\":\"2024-08-21T12:56:10+00:00\",\"dateModified\":\"2024-08-21T12:56:13+00:00\",\"mainEntityOfPage\":{\"@id\":\"https:\/\/sicflux.com.br\/blog\/mitos-comuns-sobre-qualidade-do-ar-em-projetos\/\"},\"wordCount\":811,\"commentCount\":0,\"publisher\":{\"@id\":\"https:\/\/sicflux.com.br\/#organization\"},\"image\":{\"@id\":\"https:\/\/sicflux.com.br\/blog\/mitos-comuns-sobre-qualidade-do-ar-em-projetos\/#primaryimage\"},\"thumbnailUrl\":\"https:\/\/sicflux.com.br\/blog\/wp-content\/uploads\/2024\/08\/Links02.png\",\"articleSection\":[\"Qualidade do ar\"],\"inLanguage\":\"pt-BR\",\"potentialAction\":[{\"@type\":\"CommentAction\",\"name\":\"Comment\",\"target\":[\"https:\/\/sicflux.com.br\/blog\/mitos-comuns-sobre-qualidade-do-ar-em-projetos\/#respond\"]}]},{\"@type\":\"WebPage\",\"@id\":\"https:\/\/sicflux.com.br\/blog\/mitos-comuns-sobre-qualidade-do-ar-em-projetos\/\",\"url\":\"https:\/\/sicflux.com.br\/blog\/mitos-comuns-sobre-qualidade-do-ar-em-projetos\/\",\"name\":\"Mitos comuns sobre qualidade do ar em projetos - Sicflux\",\"isPartOf\":{\"@id\":\"https:\/\/sicflux.com.br\/#website\"},\"primaryImageOfPage\":{\"@id\":\"https:\/\/sicflux.com.br\/blog\/mitos-comuns-sobre-qualidade-do-ar-em-projetos\/#primaryimage\"},\"image\":{\"@id\":\"https:\/\/sicflux.com.br\/blog\/mitos-comuns-sobre-qualidade-do-ar-em-projetos\/#primaryimage\"},\"thumbnailUrl\":\"https:\/\/sicflux.com.br\/blog\/wp-content\/uploads\/2024\/08\/Links02.png\",\"datePublished\":\"2024-08-21T12:56:10+00:00\",\"dateModified\":\"2024-08-21T12:56:13+00:00\",\"description\":\"A qualidade do ar interior \u00e9 um fator necess\u00e1rio para o bem-estar e a sa\u00fade dos ocupantes de qualquer edif\u00edcio. No entanto, existem muitos mitos que\",\"breadcrumb\":{\"@id\":\"https:\/\/sicflux.com.br\/blog\/mitos-comuns-sobre-qualidade-do-ar-em-projetos\/#breadcrumb\"},\"inLanguage\":\"pt-BR\",\"potentialAction\":[{\"@type\":\"ReadAction\",\"target\":[\"https:\/\/sicflux.com.br\/blog\/mitos-comuns-sobre-qualidade-do-ar-em-projetos\/\"]}]},{\"@type\":\"ImageObject\",\"inLanguage\":\"pt-BR\",\"@id\":\"https:\/\/sicflux.com.br\/blog\/mitos-comuns-sobre-qualidade-do-ar-em-projetos\/#primaryimage\",\"url\":\"https:\/\/sicflux.com.br\/blog\/wp-content\/uploads\/2024\/08\/Links02.png\",\"contentUrl\":\"https:\/\/sicflux.com.br\/blog\/wp-content\/uploads\/2024\/08\/Links02.png\",\"width\":1200,\"height\":527},{\"@type\":\"BreadcrumbList\",\"@id\":\"https:\/\/sicflux.com.br\/blog\/mitos-comuns-sobre-qualidade-do-ar-em-projetos\/#breadcrumb\",\"itemListElement\":[{\"@type\":\"ListItem\",\"position\":1,\"name\":\"In\u00edcio\",\"item\":\"https:\/\/sicflux.com.br\/\"},{\"@type\":\"ListItem\",\"position\":2,\"name\":\"Mitos comuns sobre qualidade do ar em projetos\"}]},{\"@type\":\"WebSite\",\"@id\":\"https:\/\/sicflux.com.br\/#website\",\"url\":\"https:\/\/sicflux.com.br\/\",\"name\":\"Sicflux Brasil\",\"description\":\"Ar em movimento\",\"publisher\":{\"@id\":\"https:\/\/sicflux.com.br\/#organization\"},\"alternateName\":\"Sicflux Brasil\",\"potentialAction\":[{\"@type\":\"SearchAction\",\"target\":{\"@type\":\"EntryPoint\",\"urlTemplate\":\"https:\/\/sicflux.com.br\/?s={search_term_string}\"},\"query-input\":{\"@type\":\"PropertyValueSpecification\",\"valueRequired\":true,\"valueName\":\"search_term_string\"}}],\"inLanguage\":\"pt-BR\"},{\"@type\":\"Organization\",\"@id\":\"https:\/\/sicflux.com.br\/#organization\",\"name\":\"Sicflux Brasil\",\"alternateName\":\"Sicflux Brasil\",\"url\":\"https:\/\/sicflux.com.br\/\",\"logo\":{\"@type\":\"ImageObject\",\"inLanguage\":\"pt-BR\",\"@id\":\"https:\/\/sicflux.com.br\/#\/schema\/logo\/image\/\",\"url\":\"https:\/\/sicflux.com.br\/blog\/wp-content\/uploads\/2019\/09\/logo-sicflux-1.png\",\"contentUrl\":\"https:\/\/sicflux.com.br\/blog\/wp-content\/uploads\/2019\/09\/logo-sicflux-1.png\",\"width\":600,\"height\":169,\"caption\":\"Sicflux Brasil\"},\"image\":{\"@id\":\"https:\/\/sicflux.com.br\/#\/schema\/logo\/image\/\"},\"sameAs\":[\"https:\/\/www.facebook.com\/sicflux.profissional\/\",\"https:\/\/www.instagram.com\/sicflux\/\",\"https:\/\/www.linkedin.com\/company\/sicflux\/\"]},{\"@type\":\"Person\",\"@id\":\"https:\/\/sicflux.com.br\/#\/schema\/person\/b0991863a2071fab9bb9cc7a546e04e0\",\"name\":\"Sicflux Brasil\",\"image\":{\"@type\":\"ImageObject\",\"inLanguage\":\"pt-BR\",\"@id\":\"https:\/\/sicflux.com.br\/#\/schema\/person\/image\/\",\"url\":\"https:\/\/secure.gravatar.com\/avatar\/27089a835d9c4ab26557590e093588b0?s=96&d=mm&r=g\",\"contentUrl\":\"https:\/\/secure.gravatar.com\/avatar\/27089a835d9c4ab26557590e093588b0?s=96&d=mm&r=g\",\"caption\":\"Sicflux Brasil\"}}]}<\/script>\n<!-- \/ Yoast SEO plugin. -->","yoast_head_json":{"title":"Mitos comuns sobre qualidade do ar em projetos - Sicflux","description":"A qualidade do ar interior \u00e9 um fator necess\u00e1rio para o bem-estar e a sa\u00fade dos ocupantes de qualquer edif\u00edcio. No entanto, existem muitos mitos que","robots":{"index":"index","follow":"follow","max-snippet":"max-snippet:-1","max-image-preview":"max-image-preview:large","max-video-preview":"max-video-preview:-1"},"canonical":"https:\/\/sicflux.com.br\/blog\/mitos-comuns-sobre-qualidade-do-ar-em-projetos\/","og_locale":"pt_BR","og_type":"article","og_title":"Mitos comuns sobre qualidade do ar em projetos - Sicflux","og_description":"A qualidade do ar interior \u00e9 um fator necess\u00e1rio para o bem-estar e a sa\u00fade dos ocupantes de qualquer edif\u00edcio. No entanto, existem muitos mitos que","og_url":"https:\/\/sicflux.com.br\/blog\/mitos-comuns-sobre-qualidade-do-ar-em-projetos\/","og_site_name":"Sicflux","article_publisher":"https:\/\/www.facebook.com\/sicflux.profissional\/","article_published_time":"2024-08-21T12:56:10+00:00","article_modified_time":"2024-08-21T12:56:13+00:00","og_image":[{"width":1200,"height":527,"url":"https:\/\/sicflux.com.br\/blog\/wp-content\/uploads\/2024\/08\/Links02.png","type":"image\/png"}],"author":"Sicflux Brasil","twitter_card":"summary_large_image","twitter_misc":{"Escrito por":"Sicflux Brasil","Est. tempo de leitura":"4 minutos"},"schema":{"@context":"https:\/\/schema.org","@graph":[{"@type":"Article","@id":"https:\/\/sicflux.com.br\/blog\/mitos-comuns-sobre-qualidade-do-ar-em-projetos\/#article","isPartOf":{"@id":"https:\/\/sicflux.com.br\/blog\/mitos-comuns-sobre-qualidade-do-ar-em-projetos\/"},"author":{"name":"Sicflux Brasil","@id":"https:\/\/sicflux.com.br\/#\/schema\/person\/b0991863a2071fab9bb9cc7a546e04e0"},"headline":"Mitos comuns sobre qualidade do ar em projetos","datePublished":"2024-08-21T12:56:10+00:00","dateModified":"2024-08-21T12:56:13+00:00","mainEntityOfPage":{"@id":"https:\/\/sicflux.com.br\/blog\/mitos-comuns-sobre-qualidade-do-ar-em-projetos\/"},"wordCount":811,"commentCount":0,"publisher":{"@id":"https:\/\/sicflux.com.br\/#organization"},"image":{"@id":"https:\/\/sicflux.com.br\/blog\/mitos-comuns-sobre-qualidade-do-ar-em-projetos\/#primaryimage"},"thumbnailUrl":"https:\/\/sicflux.com.br\/blog\/wp-content\/uploads\/2024\/08\/Links02.png","articleSection":["Qualidade do ar"],"inLanguage":"pt-BR","potentialAction":[{"@type":"CommentAction","name":"Comment","target":["https:\/\/sicflux.com.br\/blog\/mitos-comuns-sobre-qualidade-do-ar-em-projetos\/#respond"]}]},{"@type":"WebPage","@id":"https:\/\/sicflux.com.br\/blog\/mitos-comuns-sobre-qualidade-do-ar-em-projetos\/","url":"https:\/\/sicflux.com.br\/blog\/mitos-comuns-sobre-qualidade-do-ar-em-projetos\/","name":"Mitos comuns sobre qualidade do ar em projetos - Sicflux","isPartOf":{"@id":"https:\/\/sicflux.com.br\/#website"},"primaryImageOfPage":{"@id":"https:\/\/sicflux.com.br\/blog\/mitos-comuns-sobre-qualidade-do-ar-em-projetos\/#primaryimage"},"image":{"@id":"https:\/\/sicflux.com.br\/blog\/mitos-comuns-sobre-qualidade-do-ar-em-projetos\/#primaryimage"},"thumbnailUrl":"https:\/\/sicflux.com.br\/blog\/wp-content\/uploads\/2024\/08\/Links02.png","datePublished":"2024-08-21T12:56:10+00:00","dateModified":"2024-08-21T12:56:13+00:00","description":"A qualidade do ar interior \u00e9 um fator necess\u00e1rio para o bem-estar e a sa\u00fade dos ocupantes de qualquer edif\u00edcio. No entanto, existem muitos mitos que","breadcrumb":{"@id":"https:\/\/sicflux.com.br\/blog\/mitos-comuns-sobre-qualidade-do-ar-em-projetos\/#breadcrumb"},"inLanguage":"pt-BR","potentialAction":[{"@type":"ReadAction","target":["https:\/\/sicflux.com.br\/blog\/mitos-comuns-sobre-qualidade-do-ar-em-projetos\/"]}]},{"@type":"ImageObject","inLanguage":"pt-BR","@id":"https:\/\/sicflux.com.br\/blog\/mitos-comuns-sobre-qualidade-do-ar-em-projetos\/#primaryimage","url":"https:\/\/sicflux.com.br\/blog\/wp-content\/uploads\/2024\/08\/Links02.png","contentUrl":"https:\/\/sicflux.com.br\/blog\/wp-content\/uploads\/2024\/08\/Links02.png","width":1200,"height":527},{"@type":"BreadcrumbList","@id":"https:\/\/sicflux.com.br\/blog\/mitos-comuns-sobre-qualidade-do-ar-em-projetos\/#breadcrumb","itemListElement":[{"@type":"ListItem","position":1,"name":"In\u00edcio","item":"https:\/\/sicflux.com.br\/"},{"@type":"ListItem","position":2,"name":"Mitos comuns sobre qualidade do ar em projetos"}]},{"@type":"WebSite","@id":"https:\/\/sicflux.com.br\/#website","url":"https:\/\/sicflux.com.br\/","name":"Sicflux Brasil","description":"Ar em movimento","publisher":{"@id":"https:\/\/sicflux.com.br\/#organization"},"alternateName":"Sicflux Brasil","potentialAction":[{"@type":"SearchAction","target":{"@type":"EntryPoint","urlTemplate":"https:\/\/sicflux.com.br\/?s={search_term_string}"},"query-input":{"@type":"PropertyValueSpecification","valueRequired":true,"valueName":"search_term_string"}}],"inLanguage":"pt-BR"},{"@type":"Organization","@id":"https:\/\/sicflux.com.br\/#organization","name":"Sicflux Brasil","alternateName":"Sicflux Brasil","url":"https:\/\/sicflux.com.br\/","logo":{"@type":"ImageObject","inLanguage":"pt-BR","@id":"https:\/\/sicflux.com.br\/#\/schema\/logo\/image\/","url":"https:\/\/sicflux.com.br\/blog\/wp-content\/uploads\/2019\/09\/logo-sicflux-1.png","contentUrl":"https:\/\/sicflux.com.br\/blog\/wp-content\/uploads\/2019\/09\/logo-sicflux-1.png","width":600,"height":169,"caption":"Sicflux Brasil"},"image":{"@id":"https:\/\/sicflux.com.br\/#\/schema\/logo\/image\/"},"sameAs":["https:\/\/www.facebook.com\/sicflux.profissional\/","https:\/\/www.instagram.com\/sicflux\/","https:\/\/www.linkedin.com\/company\/sicflux\/"]},{"@type":"Person","@id":"https:\/\/sicflux.com.br\/#\/schema\/person\/b0991863a2071fab9bb9cc7a546e04e0","name":"Sicflux Brasil","image":{"@type":"ImageObject","inLanguage":"pt-BR","@id":"https:\/\/sicflux.com.br\/#\/schema\/person\/image\/","url":"https:\/\/secure.gravatar.com\/avatar\/27089a835d9c4ab26557590e093588b0?s=96&d=mm&r=g","contentUrl":"https:\/\/secure.gravatar.com\/avatar\/27089a835d9c4ab26557590e093588b0?s=96&d=mm&r=g","caption":"Sicflux Brasil"}}]}},"_links":{"self":[{"href":"https:\/\/sicflux.com.br\/blog\/wp-json\/wp\/v2\/posts\/1962","targetHints":{"allow":["GET"]}}],"collection":[{"href":"https:\/\/sicflux.com.br\/blog\/wp-json\/wp\/v2\/posts"}],"about":[{"href":"https:\/\/sicflux.com.br\/blog\/wp-json\/wp\/v2\/types\/post"}],"author":[{"embeddable":true,"href":"https:\/\/sicflux.com.br\/blog\/wp-json\/wp\/v2\/users\/1"}],"replies":[{"embeddable":true,"href":"https:\/\/sicflux.com.br\/blog\/wp-json\/wp\/v2\/comments?post=1962"}],"version-history":[{"count":0,"href":"https:\/\/sicflux.com.br\/blog\/wp-json\/wp\/v2\/posts\/1962\/revisions"}],"wp:featuredmedia":[{"embeddable":true,"href":"https:\/\/sicflux.com.br\/blog\/wp-json\/wp\/v2\/media\/1963"}],"wp:attachment":[{"href":"https:\/\/sicflux.com.br\/blog\/wp-json\/wp\/v2\/media?parent=1962"}],"wp:term":[{"taxonomy":"category","embeddable":true,"href":"https:\/\/sicflux.com.br\/blog\/wp-json\/wp\/v2\/categories?post=1962"},{"taxonomy":"post_tag","embeddable":true,"href":"https:\/\/sicflux.com.br\/blog\/wp-json\/wp\/v2\/tags?post=1962"}],"curies":[{"name":"wp","href":"https:\/\/api.w.org\/{rel}","templated":true}]}}