{"id":237,"date":"2019-09-23T15:57:16","date_gmt":"2019-09-23T18:57:16","guid":{"rendered":"https:\/\/sicflux.com.br\/blog\/?p=237"},"modified":"2024-10-11T10:02:01","modified_gmt":"2024-10-11T13:02:01","slug":"importancia-da-qualidade-do-ar-em-ambientes-internos","status":"publish","type":"post","link":"https:\/\/sicflux.com.br\/blog\/importancia-da-qualidade-do-ar-em-ambientes-internos\/","title":{"rendered":"Import\u00e2ncia da qualidade do ar em ambientes internos"},"content":{"rendered":"<div id=\"ez-toc-container\" class=\"ez-toc-v2_0_69_1 counter-hierarchy ez-toc-counter ez-toc-custom ez-toc-container-direction\">\n<p class=\"ez-toc-title\" style=\"cursor:inherit\">\u00cdndice<\/p>\n<label for=\"ez-toc-cssicon-toggle-item-69f31a5b6a12f\" class=\"ez-toc-cssicon-toggle-label\"><span class=\"\"><span class=\"eztoc-hide\" style=\"display:none;\">Toggle<\/span><span class=\"ez-toc-icon-toggle-span\"><svg style=\"fill: #999;color:#999\" xmlns=\"http:\/\/www.w3.org\/2000\/svg\" class=\"list-377408\" width=\"20px\" height=\"20px\" viewBox=\"0 0 24 24\" fill=\"none\"><path d=\"M6 6H4v2h2V6zm14 0H8v2h12V6zM4 11h2v2H4v-2zm16 0H8v2h12v-2zM4 16h2v2H4v-2zm16 0H8v2h12v-2z\" fill=\"currentColor\"><\/path><\/svg><svg style=\"fill: #999;color:#999\" class=\"arrow-unsorted-368013\" xmlns=\"http:\/\/www.w3.org\/2000\/svg\" width=\"10px\" height=\"10px\" viewBox=\"0 0 24 24\" version=\"1.2\" baseProfile=\"tiny\"><path d=\"M18.2 9.3l-6.2-6.3-6.2 6.3c-.2.2-.3.4-.3.7s.1.5.3.7c.2.2.4.3.7.3h11c.3 0 .5-.1.7-.3.2-.2.3-.5.3-.7s-.1-.5-.3-.7zM5.8 14.7l6.2 6.3 6.2-6.3c.2-.2.3-.5.3-.7s-.1-.5-.3-.7c-.2-.2-.4-.3-.7-.3h-11c-.3 0-.5.1-.7.3-.2.2-.3.5-.3.7s.1.5.3.7z\"\/><\/svg><\/span><\/span><\/label><input type=\"checkbox\"  id=\"ez-toc-cssicon-toggle-item-69f31a5b6a12f\"  aria-label=\"Toggle\" \/><nav><ul class='ez-toc-list ez-toc-list-level-1 ' ><li class='ez-toc-page-1 ez-toc-heading-level-4'><a class=\"ez-toc-link ez-toc-heading-1\" href=\"https:\/\/sicflux.com.br\/blog\/importancia-da-qualidade-do-ar-em-ambientes-internos\/#Consequencias_da_ma_qualidade_do_ar_em_ambientes_internos\" title=\"Consequ\u00eancias da m\u00e1 qualidade do ar em ambientes internos\">Consequ\u00eancias da m\u00e1 qualidade do ar em ambientes internos<\/a><\/li><li class='ez-toc-page-1 ez-toc-heading-level-4'><a class=\"ez-toc-link ez-toc-heading-2\" href=\"https:\/\/sicflux.com.br\/blog\/importancia-da-qualidade-do-ar-em-ambientes-internos\/#Importancia_da_qualidade_do_ar_em_ambientes_internos\" title=\"Import\u00e2ncia da qualidade do ar em ambientes internos\">Import\u00e2ncia da qualidade do ar em ambientes internos<\/a><\/li><\/ul><\/nav><\/div>\n\n<p>Voc\u00ea sabia que a <strong>qualidade do ar<\/strong> que respiramos tamb\u00e9m tem um impacto direto na nossa <strong>sa\u00fade<\/strong>?&nbsp;\u00c9 comum pensarmos que dentro de ambientes fechados com sistemas de ar condicionado estamos livres da <strong>polui\u00e7\u00e3o do ar<\/strong>. Mas estamos totalmente enganados ao pensar desta forma. O que acontece \u00e9 que, sem percebermos, estamos pouco a pouco sendo expostos a milh\u00f5es de microrganismos que ir\u00e3o prejudicar a nossa <strong>sa\u00fade<\/strong> e qualidade de vida. <\/p>\n\n\n\n<p>Por isso, \u00e9 essencial conhecer a import\u00e2ncia da qualidade do ar em ambientes internos. <\/p>\n\n\n\n<p>A m\u00e1 <strong>qualidade do ar<\/strong> em <strong>ambientes internos<\/strong> pode ser extremamente prejudicial para <strong>sa\u00fade<\/strong> das pessoas. Em especial aquelas mais vulner\u00e1veis, como as crian\u00e7as, os idosos e as pessoas com doen\u00e7as respirat\u00f3rias cr\u00f4nicas, como a asma, por exemplo.<\/p>\n\n\n\n<p>Mas como esse ar interfere na nossa <strong>sa\u00fade<\/strong>? Quando respiramos, o ar da atmosfera entra no nosso corpo sendo filtrado pelas narinas at\u00e9 chegar aos pulm\u00f5es, o qual ser\u00e1 utilizado na produ\u00e7\u00e3o de energia. <\/p>\n\n\n\n<p>Quando estamos em <a href=\"https:\/\/sicflux.com.br\/blog\/manter-a-qualidade-do-ar-em-ambientes-fechados\/\">ambientes fechados<\/a> e sem renova\u00e7\u00e3o do ar, o desenvolvimento de microrganismos tende a ser muito maior quando comparado aos ambientes externos. Isso acontece, especialmente, devido a exist\u00eancia de materiais e equipamentos poluentes, da pr\u00f3pria ocupa\u00e7\u00e3o humana e da umidade gerada em <strong>ambientes internos<\/strong> que n\u00e3o possuem <strong>qualidade do ar<\/strong>. Por isso, sempre que poss\u00edvel, abra as janelas para deixar o ar circular no ambiente e assim reduzir os riscos de contamina\u00e7\u00e3o dentro do ambiente.<em> <\/em><\/p>\n\n\n\n<h4 class=\"wp-block-heading\"><span class=\"ez-toc-section\" id=\"Consequencias_da_ma_qualidade_do_ar_em_ambientes_internos\"><\/span>Consequ\u00eancias da m\u00e1 qualidade do ar em ambientes internos<span class=\"ez-toc-section-end\"><\/span><\/h4>\n\n\n\n<p>E quando esse ar chega cercado de polui\u00e7\u00e3o? Passamos a maior parte dos nossos dias em <strong>ambientes internos<\/strong>, como em nossa casa, ou mesmo no ambiente de trabalho. Esses locais acabam colaborando para diversos problemas de sa\u00fade causados pela <strong>polui\u00e7\u00e3o do ar.<\/strong><\/p>\n\n\n\n<p>Em empresas, por exemplo, a <strong>polui\u00e7\u00e3o do ar<\/strong> pode influenciar diretamente na produtividade do trabalhador. Em consequ\u00eancia disso, o retorno financeiro para a empresa e funcion\u00e1rios tamb\u00e9m \u00e9 afetado.<\/p>\n\n\n\n<p>Mas se voc\u00ea est\u00e1 pensando que a <strong>polui\u00e7\u00e3o do ar<\/strong> afeta apenas aspectos relacionados aos resultados no ambiente de trabalho, voc\u00ea est\u00e1 muito enganado. A falta de renova\u00e7\u00e3o do ar em <strong>ambientes interno<\/strong>s pode ainda causas diversos outros problemas relacionados a <strong>sa\u00fade<\/strong> do trabalhador, como por exemplo:<\/p>\n\n\n\n<p>&#8211; Dor de cabe\u00e7a;<br> &#8211; Irrita\u00e7\u00e3o, coceira ou constante lacrimejamento nos olhos;<br> &#8211; Problemas nasais, como constipa\u00e7\u00e3o nasal, coriza ou irrita\u00e7\u00e3o nasal;<br> &#8211; Problemas de garganta, como secura, dor ou irrita\u00e7\u00e3o;<br> &#8211; Dificuldade respirat\u00f3ria;<br> &#8211; Rea\u00e7\u00f5es al\u00e9rgicas, e&nbsp;em casos mais raros, condi\u00e7\u00f5es que amea\u00e7am a vida, como a pneumonias ou intoxica\u00e7\u00e3o por mon\u00f3xido de carbono.<\/p>\n\n\n\n<p>Ficam claras as necessidades de se fazer um monitoramento e an\u00e1lise da <strong>qualidade do ar<\/strong> em <strong>ambientes internos<\/strong>, priorizando para a seguran\u00e7a, <strong>sa\u00fade<\/strong> e bem-estar dos ocupantes desses ambientes.<\/p>\n\n\n\n<h4 class=\"wp-block-heading\"><span class=\"ez-toc-section\" id=\"Importancia_da_qualidade_do_ar_em_ambientes_internos\"><\/span>Import\u00e2ncia da qualidade do ar em ambientes internos <span class=\"ez-toc-section-end\"><\/span><\/h4>\n\n\n\n<p>Com a aprova\u00e7\u00e3o da lei 13.589\/2018 sobre renova\u00e7\u00e3o de ar, a preocupa\u00e7\u00e3o com a <strong>qualidade do ar<\/strong> em <strong>ambientes internos<\/strong> se tornou obrigat\u00f3ria. A lei tem como objetivo garantir a boa qualidade do ar interior, considerando padr\u00f5es de temperatura, umidade, velocidade, taxa de renova\u00e7\u00e3o e grau de pureza do ar.<\/p>\n\n\n\n<p>Algumas a\u00e7\u00f5es como a ventila\u00e7\u00e3o dos espa\u00e7os fechados j\u00e1 podem contribuir para melhorar a <strong>qualidade do ar<\/strong> de <strong>ambientes internos<\/strong>. Para quem utiliza ar condicionado, a lei obriga que seja instalado um sistema composto de ventilador e filtros (Insuflador), que atuam com o objetivo de renovar esse ar. <\/p>\n\n\n\n<p>Al\u00e9m disso, manter os aparelhos e demais sistemas de ventila\u00e7\u00e3o sob manuten\u00e7\u00f5es peri\u00f3dicas \u00e9 de grande import\u00e2ncia para reduzir ou at\u00e9  eliminar as fontes potenciais de poluentes. <\/p>\n\n\n\n<p>J\u00e1 deu para notar que ao cuidar da <strong>qualidade do ar<\/strong> de <strong>ambientes internos<\/strong>, voc\u00ea tamb\u00e9m estar\u00e1 cuidado do bem mais precioso: a sua<strong> sa\u00fade<\/strong>. Cuidar da <strong>qualidade do ar<\/strong> \u00e9 de extrema import\u00e2ncia para manter o conforto t\u00e9rmico e o bem-estar dos ocupantes. Para deixar esse cuidado ainda mais especial, nada melhor do que poder contar com uma fam\u00edlia que tem como prop\u00f3sito levar <strong>sa\u00fade<\/strong> aos <strong>ambientes internos<\/strong>. <\/p>\n\n\n\n<p>A Sicflux conta com uma equipe altamente qualificada para entregar as melhores solu\u00e7\u00f5es em renova\u00e7\u00e3o de ar para o seu ambiente. Al\u00e9m de produtos certificados e garantia de qualidade. Venha conversar com um de nossos especialistas para saber mais. <\/p>\n\n\n\n<p><br><a href=\"https:\/\/sicflux.minhalojanouol.com.br\/\">Acesse nossa loja virtual!<\/a><\/p>\n","protected":false},"excerpt":{"rendered":"<p>Voc\u00ea sabia que a qualidade do ar que respiramos tamb\u00e9m tem um impacto direto na nossa sa\u00fade?&nbsp;\u00c9 comum pensarmos que dentro de ambientes fechados com sistemas de ar condicionado estamos livres da polui\u00e7\u00e3o do ar&#8230;.<\/p>\n","protected":false},"author":1,"featured_media":0,"comment_status":"open","ping_status":"open","sticky":true,"template":"","format":"standard","meta":{"_acf_changed":false,"footnotes":""},"categories":[10],"tags":[21],"class_list":["post-237","post","type-post","status-publish","format-standard","hentry","category-qualidade-do-ar","tag-ambientesinternos"],"acf":[],"yoast_head":"<!-- This site is optimized with the Yoast SEO plugin v24.0 - https:\/\/yoast.com\/wordpress\/plugins\/seo\/ -->\n<title>Import\u00e2ncia da qualidade do ar em ambientes internos - Sicflux<\/title>\n<meta name=\"description\" content=\"Voc\u00ea sabia que a qualidade do ar que respiramos tamb\u00e9m tem um impacto direto na nossa sa\u00fade? Veja a import\u00e2ncia da qualidade do ar em ambientes internos.\" \/>\n<meta name=\"robots\" content=\"index, follow, max-snippet:-1, max-image-preview:large, max-video-preview:-1\" \/>\n<link rel=\"canonical\" href=\"https:\/\/sicflux.com.br\/blog\/importancia-da-qualidade-do-ar-em-ambientes-internos\/\" \/>\n<meta property=\"og:locale\" content=\"pt_BR\" \/>\n<meta property=\"og:type\" content=\"article\" \/>\n<meta property=\"og:title\" content=\"Import\u00e2ncia da qualidade do ar em ambientes internos - Sicflux\" \/>\n<meta property=\"og:description\" content=\"Voc\u00ea sabia que a qualidade do ar que respiramos tamb\u00e9m tem um impacto direto na nossa sa\u00fade? Veja a import\u00e2ncia da qualidade do ar em ambientes internos.\" \/>\n<meta property=\"og:url\" content=\"https:\/\/sicflux.com.br\/blog\/importancia-da-qualidade-do-ar-em-ambientes-internos\/\" \/>\n<meta property=\"og:site_name\" content=\"Sicflux\" \/>\n<meta property=\"article:publisher\" content=\"https:\/\/www.facebook.com\/sicflux.profissional\/\" \/>\n<meta property=\"article:published_time\" content=\"2019-09-23T18:57:16+00:00\" \/>\n<meta property=\"article:modified_time\" content=\"2024-10-11T13:02:01+00:00\" \/>\n<meta property=\"og:image\" content=\"https:\/\/sicflux.com.br\/blog\/wp-content\/uploads\/2019\/09\/logo-sicflux-1.png\" \/>\n\t<meta property=\"og:image:width\" content=\"600\" \/>\n\t<meta property=\"og:image:height\" content=\"169\" \/>\n\t<meta property=\"og:image:type\" content=\"image\/png\" \/>\n<meta name=\"author\" content=\"Sicflux Brasil\" \/>\n<meta name=\"twitter:card\" content=\"summary_large_image\" \/>\n<meta name=\"twitter:label1\" content=\"Escrito por\" \/>\n\t<meta name=\"twitter:data1\" content=\"Sicflux Brasil\" \/>\n\t<meta name=\"twitter:label2\" content=\"Est. tempo de leitura\" \/>\n\t<meta name=\"twitter:data2\" content=\"4 minutos\" \/>\n<script type=\"application\/ld+json\" class=\"yoast-schema-graph\">{\"@context\":\"https:\/\/schema.org\",\"@graph\":[{\"@type\":\"Article\",\"@id\":\"https:\/\/sicflux.com.br\/blog\/importancia-da-qualidade-do-ar-em-ambientes-internos\/#article\",\"isPartOf\":{\"@id\":\"https:\/\/sicflux.com.br\/blog\/importancia-da-qualidade-do-ar-em-ambientes-internos\/\"},\"author\":{\"name\":\"Sicflux Brasil\",\"@id\":\"https:\/\/sicflux.com.br\/#\/schema\/person\/b0991863a2071fab9bb9cc7a546e04e0\"},\"headline\":\"Import\u00e2ncia da qualidade do ar em ambientes internos\",\"datePublished\":\"2019-09-23T18:57:16+00:00\",\"dateModified\":\"2024-10-11T13:02:01+00:00\",\"mainEntityOfPage\":{\"@id\":\"https:\/\/sicflux.com.br\/blog\/importancia-da-qualidade-do-ar-em-ambientes-internos\/\"},\"wordCount\":769,\"commentCount\":2,\"publisher\":{\"@id\":\"https:\/\/sicflux.com.br\/#organization\"},\"keywords\":[\"#ambientesinternos\"],\"articleSection\":[\"Qualidade do ar\"],\"inLanguage\":\"pt-BR\",\"potentialAction\":[{\"@type\":\"CommentAction\",\"name\":\"Comment\",\"target\":[\"https:\/\/sicflux.com.br\/blog\/importancia-da-qualidade-do-ar-em-ambientes-internos\/#respond\"]}]},{\"@type\":\"WebPage\",\"@id\":\"https:\/\/sicflux.com.br\/blog\/importancia-da-qualidade-do-ar-em-ambientes-internos\/\",\"url\":\"https:\/\/sicflux.com.br\/blog\/importancia-da-qualidade-do-ar-em-ambientes-internos\/\",\"name\":\"Import\u00e2ncia da qualidade do ar em ambientes internos - Sicflux\",\"isPartOf\":{\"@id\":\"https:\/\/sicflux.com.br\/#website\"},\"datePublished\":\"2019-09-23T18:57:16+00:00\",\"dateModified\":\"2024-10-11T13:02:01+00:00\",\"description\":\"Voc\u00ea sabia que a qualidade do ar que respiramos tamb\u00e9m tem um impacto direto na nossa sa\u00fade? Veja a import\u00e2ncia da qualidade do ar em ambientes internos.\",\"breadcrumb\":{\"@id\":\"https:\/\/sicflux.com.br\/blog\/importancia-da-qualidade-do-ar-em-ambientes-internos\/#breadcrumb\"},\"inLanguage\":\"pt-BR\",\"potentialAction\":[{\"@type\":\"ReadAction\",\"target\":[\"https:\/\/sicflux.com.br\/blog\/importancia-da-qualidade-do-ar-em-ambientes-internos\/\"]}]},{\"@type\":\"BreadcrumbList\",\"@id\":\"https:\/\/sicflux.com.br\/blog\/importancia-da-qualidade-do-ar-em-ambientes-internos\/#breadcrumb\",\"itemListElement\":[{\"@type\":\"ListItem\",\"position\":1,\"name\":\"In\u00edcio\",\"item\":\"https:\/\/sicflux.com.br\/\"},{\"@type\":\"ListItem\",\"position\":2,\"name\":\"Import\u00e2ncia da qualidade do ar em ambientes internos\"}]},{\"@type\":\"WebSite\",\"@id\":\"https:\/\/sicflux.com.br\/#website\",\"url\":\"https:\/\/sicflux.com.br\/\",\"name\":\"Sicflux Brasil\",\"description\":\"Ar em movimento\",\"publisher\":{\"@id\":\"https:\/\/sicflux.com.br\/#organization\"},\"alternateName\":\"Sicflux Brasil\",\"potentialAction\":[{\"@type\":\"SearchAction\",\"target\":{\"@type\":\"EntryPoint\",\"urlTemplate\":\"https:\/\/sicflux.com.br\/?s={search_term_string}\"},\"query-input\":{\"@type\":\"PropertyValueSpecification\",\"valueRequired\":true,\"valueName\":\"search_term_string\"}}],\"inLanguage\":\"pt-BR\"},{\"@type\":\"Organization\",\"@id\":\"https:\/\/sicflux.com.br\/#organization\",\"name\":\"Sicflux Brasil\",\"alternateName\":\"Sicflux Brasil\",\"url\":\"https:\/\/sicflux.com.br\/\",\"logo\":{\"@type\":\"ImageObject\",\"inLanguage\":\"pt-BR\",\"@id\":\"https:\/\/sicflux.com.br\/#\/schema\/logo\/image\/\",\"url\":\"https:\/\/sicflux.com.br\/blog\/wp-content\/uploads\/2019\/09\/logo-sicflux-1.png\",\"contentUrl\":\"https:\/\/sicflux.com.br\/blog\/wp-content\/uploads\/2019\/09\/logo-sicflux-1.png\",\"width\":600,\"height\":169,\"caption\":\"Sicflux Brasil\"},\"image\":{\"@id\":\"https:\/\/sicflux.com.br\/#\/schema\/logo\/image\/\"},\"sameAs\":[\"https:\/\/www.facebook.com\/sicflux.profissional\/\",\"https:\/\/www.instagram.com\/sicflux\/\",\"https:\/\/www.linkedin.com\/company\/sicflux\/\"]},{\"@type\":\"Person\",\"@id\":\"https:\/\/sicflux.com.br\/#\/schema\/person\/b0991863a2071fab9bb9cc7a546e04e0\",\"name\":\"Sicflux Brasil\",\"image\":{\"@type\":\"ImageObject\",\"inLanguage\":\"pt-BR\",\"@id\":\"https:\/\/sicflux.com.br\/#\/schema\/person\/image\/\",\"url\":\"https:\/\/secure.gravatar.com\/avatar\/27089a835d9c4ab26557590e093588b0?s=96&d=mm&r=g\",\"contentUrl\":\"https:\/\/secure.gravatar.com\/avatar\/27089a835d9c4ab26557590e093588b0?s=96&d=mm&r=g\",\"caption\":\"Sicflux Brasil\"}}]}<\/script>\n<!-- \/ Yoast SEO plugin. -->","yoast_head_json":{"title":"Import\u00e2ncia da qualidade do ar em ambientes internos - Sicflux","description":"Voc\u00ea sabia que a qualidade do ar que respiramos tamb\u00e9m tem um impacto direto na nossa sa\u00fade? Veja a import\u00e2ncia da qualidade do ar em ambientes internos.","robots":{"index":"index","follow":"follow","max-snippet":"max-snippet:-1","max-image-preview":"max-image-preview:large","max-video-preview":"max-video-preview:-1"},"canonical":"https:\/\/sicflux.com.br\/blog\/importancia-da-qualidade-do-ar-em-ambientes-internos\/","og_locale":"pt_BR","og_type":"article","og_title":"Import\u00e2ncia da qualidade do ar em ambientes internos - Sicflux","og_description":"Voc\u00ea sabia que a qualidade do ar que respiramos tamb\u00e9m tem um impacto direto na nossa sa\u00fade? Veja a import\u00e2ncia da qualidade do ar em ambientes internos.","og_url":"https:\/\/sicflux.com.br\/blog\/importancia-da-qualidade-do-ar-em-ambientes-internos\/","og_site_name":"Sicflux","article_publisher":"https:\/\/www.facebook.com\/sicflux.profissional\/","article_published_time":"2019-09-23T18:57:16+00:00","article_modified_time":"2024-10-11T13:02:01+00:00","og_image":[{"width":600,"height":169,"url":"https:\/\/sicflux.com.br\/blog\/wp-content\/uploads\/2019\/09\/logo-sicflux-1.png","type":"image\/png"}],"author":"Sicflux Brasil","twitter_card":"summary_large_image","twitter_misc":{"Escrito por":"Sicflux Brasil","Est. tempo de leitura":"4 minutos"},"schema":{"@context":"https:\/\/schema.org","@graph":[{"@type":"Article","@id":"https:\/\/sicflux.com.br\/blog\/importancia-da-qualidade-do-ar-em-ambientes-internos\/#article","isPartOf":{"@id":"https:\/\/sicflux.com.br\/blog\/importancia-da-qualidade-do-ar-em-ambientes-internos\/"},"author":{"name":"Sicflux Brasil","@id":"https:\/\/sicflux.com.br\/#\/schema\/person\/b0991863a2071fab9bb9cc7a546e04e0"},"headline":"Import\u00e2ncia da qualidade do ar em ambientes internos","datePublished":"2019-09-23T18:57:16+00:00","dateModified":"2024-10-11T13:02:01+00:00","mainEntityOfPage":{"@id":"https:\/\/sicflux.com.br\/blog\/importancia-da-qualidade-do-ar-em-ambientes-internos\/"},"wordCount":769,"commentCount":2,"publisher":{"@id":"https:\/\/sicflux.com.br\/#organization"},"keywords":["#ambientesinternos"],"articleSection":["Qualidade do ar"],"inLanguage":"pt-BR","potentialAction":[{"@type":"CommentAction","name":"Comment","target":["https:\/\/sicflux.com.br\/blog\/importancia-da-qualidade-do-ar-em-ambientes-internos\/#respond"]}]},{"@type":"WebPage","@id":"https:\/\/sicflux.com.br\/blog\/importancia-da-qualidade-do-ar-em-ambientes-internos\/","url":"https:\/\/sicflux.com.br\/blog\/importancia-da-qualidade-do-ar-em-ambientes-internos\/","name":"Import\u00e2ncia da qualidade do ar em ambientes internos - Sicflux","isPartOf":{"@id":"https:\/\/sicflux.com.br\/#website"},"datePublished":"2019-09-23T18:57:16+00:00","dateModified":"2024-10-11T13:02:01+00:00","description":"Voc\u00ea sabia que a qualidade do ar que respiramos tamb\u00e9m tem um impacto direto na nossa sa\u00fade? Veja a import\u00e2ncia da qualidade do ar em ambientes internos.","breadcrumb":{"@id":"https:\/\/sicflux.com.br\/blog\/importancia-da-qualidade-do-ar-em-ambientes-internos\/#breadcrumb"},"inLanguage":"pt-BR","potentialAction":[{"@type":"ReadAction","target":["https:\/\/sicflux.com.br\/blog\/importancia-da-qualidade-do-ar-em-ambientes-internos\/"]}]},{"@type":"BreadcrumbList","@id":"https:\/\/sicflux.com.br\/blog\/importancia-da-qualidade-do-ar-em-ambientes-internos\/#breadcrumb","itemListElement":[{"@type":"ListItem","position":1,"name":"In\u00edcio","item":"https:\/\/sicflux.com.br\/"},{"@type":"ListItem","position":2,"name":"Import\u00e2ncia da qualidade do ar em ambientes internos"}]},{"@type":"WebSite","@id":"https:\/\/sicflux.com.br\/#website","url":"https:\/\/sicflux.com.br\/","name":"Sicflux Brasil","description":"Ar em movimento","publisher":{"@id":"https:\/\/sicflux.com.br\/#organization"},"alternateName":"Sicflux Brasil","potentialAction":[{"@type":"SearchAction","target":{"@type":"EntryPoint","urlTemplate":"https:\/\/sicflux.com.br\/?s={search_term_string}"},"query-input":{"@type":"PropertyValueSpecification","valueRequired":true,"valueName":"search_term_string"}}],"inLanguage":"pt-BR"},{"@type":"Organization","@id":"https:\/\/sicflux.com.br\/#organization","name":"Sicflux Brasil","alternateName":"Sicflux Brasil","url":"https:\/\/sicflux.com.br\/","logo":{"@type":"ImageObject","inLanguage":"pt-BR","@id":"https:\/\/sicflux.com.br\/#\/schema\/logo\/image\/","url":"https:\/\/sicflux.com.br\/blog\/wp-content\/uploads\/2019\/09\/logo-sicflux-1.png","contentUrl":"https:\/\/sicflux.com.br\/blog\/wp-content\/uploads\/2019\/09\/logo-sicflux-1.png","width":600,"height":169,"caption":"Sicflux Brasil"},"image":{"@id":"https:\/\/sicflux.com.br\/#\/schema\/logo\/image\/"},"sameAs":["https:\/\/www.facebook.com\/sicflux.profissional\/","https:\/\/www.instagram.com\/sicflux\/","https:\/\/www.linkedin.com\/company\/sicflux\/"]},{"@type":"Person","@id":"https:\/\/sicflux.com.br\/#\/schema\/person\/b0991863a2071fab9bb9cc7a546e04e0","name":"Sicflux Brasil","image":{"@type":"ImageObject","inLanguage":"pt-BR","@id":"https:\/\/sicflux.com.br\/#\/schema\/person\/image\/","url":"https:\/\/secure.gravatar.com\/avatar\/27089a835d9c4ab26557590e093588b0?s=96&d=mm&r=g","contentUrl":"https:\/\/secure.gravatar.com\/avatar\/27089a835d9c4ab26557590e093588b0?s=96&d=mm&r=g","caption":"Sicflux Brasil"}}]}},"_links":{"self":[{"href":"https:\/\/sicflux.com.br\/blog\/wp-json\/wp\/v2\/posts\/237","targetHints":{"allow":["GET"]}}],"collection":[{"href":"https:\/\/sicflux.com.br\/blog\/wp-json\/wp\/v2\/posts"}],"about":[{"href":"https:\/\/sicflux.com.br\/blog\/wp-json\/wp\/v2\/types\/post"}],"author":[{"embeddable":true,"href":"https:\/\/sicflux.com.br\/blog\/wp-json\/wp\/v2\/users\/1"}],"replies":[{"embeddable":true,"href":"https:\/\/sicflux.com.br\/blog\/wp-json\/wp\/v2\/comments?post=237"}],"version-history":[{"count":0,"href":"https:\/\/sicflux.com.br\/blog\/wp-json\/wp\/v2\/posts\/237\/revisions"}],"wp:attachment":[{"href":"https:\/\/sicflux.com.br\/blog\/wp-json\/wp\/v2\/media?parent=237"}],"wp:term":[{"taxonomy":"category","embeddable":true,"href":"https:\/\/sicflux.com.br\/blog\/wp-json\/wp\/v2\/categories?post=237"},{"taxonomy":"post_tag","embeddable":true,"href":"https:\/\/sicflux.com.br\/blog\/wp-json\/wp\/v2\/tags?post=237"}],"curies":[{"name":"wp","href":"https:\/\/api.w.org\/{rel}","templated":true}]}}