{"id":729,"date":"2020-05-25T14:19:02","date_gmt":"2020-05-25T17:19:02","guid":{"rendered":"https:\/\/sicflux.com.br\/blog\/?p=729"},"modified":"2020-05-25T14:19:03","modified_gmt":"2020-05-25T17:19:03","slug":"coronavirus-e-os-impactos-na-qualidade-do-ar","status":"publish","type":"post","link":"https:\/\/sicflux.com.br\/blog\/coronavirus-e-os-impactos-na-qualidade-do-ar\/","title":{"rendered":"Coronav\u00edrus e os impactos na qualidade do ar"},"content":{"rendered":"<div id=\"ez-toc-container\" class=\"ez-toc-v2_0_69_1 counter-hierarchy ez-toc-counter ez-toc-custom ez-toc-container-direction\">\n<p class=\"ez-toc-title\" style=\"cursor:inherit\">\u00cdndice<\/p>\n<label for=\"ez-toc-cssicon-toggle-item-69f5aef92e0ee\" class=\"ez-toc-cssicon-toggle-label\"><span class=\"\"><span class=\"eztoc-hide\" style=\"display:none;\">Toggle<\/span><span class=\"ez-toc-icon-toggle-span\"><svg style=\"fill: #999;color:#999\" xmlns=\"http:\/\/www.w3.org\/2000\/svg\" class=\"list-377408\" width=\"20px\" height=\"20px\" viewBox=\"0 0 24 24\" fill=\"none\"><path d=\"M6 6H4v2h2V6zm14 0H8v2h12V6zM4 11h2v2H4v-2zm16 0H8v2h12v-2zM4 16h2v2H4v-2zm16 0H8v2h12v-2z\" fill=\"currentColor\"><\/path><\/svg><svg style=\"fill: #999;color:#999\" class=\"arrow-unsorted-368013\" xmlns=\"http:\/\/www.w3.org\/2000\/svg\" width=\"10px\" height=\"10px\" viewBox=\"0 0 24 24\" version=\"1.2\" baseProfile=\"tiny\"><path d=\"M18.2 9.3l-6.2-6.3-6.2 6.3c-.2.2-.3.4-.3.7s.1.5.3.7c.2.2.4.3.7.3h11c.3 0 .5-.1.7-.3.2-.2.3-.5.3-.7s-.1-.5-.3-.7zM5.8 14.7l6.2 6.3 6.2-6.3c.2-.2.3-.5.3-.7s-.1-.5-.3-.7c-.2-.2-.4-.3-.7-.3h-11c-.3 0-.5.1-.7.3-.2.2-.3.5-.3.7s.1.5.3.7z\"\/><\/svg><\/span><\/span><\/label><input type=\"checkbox\"  id=\"ez-toc-cssicon-toggle-item-69f5aef92e0ee\"  aria-label=\"Toggle\" \/><nav><ul class='ez-toc-list ez-toc-list-level-1 ' ><li class='ez-toc-page-1 ez-toc-heading-level-4'><a class=\"ez-toc-link ez-toc-heading-1\" href=\"https:\/\/sicflux.com.br\/blog\/coronavirus-e-os-impactos-na-qualidade-do-ar\/#Qualidade_do_ar_no_Brasil_apos_as_medidas_de_restricao\" title=\"Qualidade do ar no Brasil ap\u00f3s as medidas de restri\u00e7\u00e3o\">Qualidade do ar no Brasil ap\u00f3s as medidas de restri\u00e7\u00e3o<\/a><\/li><li class='ez-toc-page-1 ez-toc-heading-level-4'><a class=\"ez-toc-link ez-toc-heading-2\" href=\"https:\/\/sicflux.com.br\/blog\/coronavirus-e-os-impactos-na-qualidade-do-ar\/#Animais_voltaram_a_aparecer\" title=\"Animais voltaram a aparecer\">Animais voltaram a aparecer<\/a><\/li><\/ul><\/nav><\/div>\n\n<figure class=\"wp-block-image size-large\"><img decoding=\"async\" width=\"1200\" height=\"527\" src=\"https:\/\/sicflux.com.br\/blog\/wp-content\/uploads\/2020\/05\/Links01.jpg\" alt=\"Coronav\u00edrus e os impactos na qualidade do ar\" class=\"wp-image-731\" srcset=\"https:\/\/sicflux.com.br\/blog\/wp-content\/uploads\/2020\/05\/Links01.jpg 1200w, https:\/\/sicflux.com.br\/blog\/wp-content\/uploads\/2020\/05\/Links01-300x132.jpg 300w, https:\/\/sicflux.com.br\/blog\/wp-content\/uploads\/2020\/05\/Links01-768x337.jpg 768w\" sizes=\"(max-width: 1200px) 100vw, 1200px\" \/><\/figure>\n\n\n\n<p>N\u00e3o h\u00e1 como negar que estamos vivendo tempos dif\u00edceis com a pandemia do novo Coronav\u00edrus. Em poucos meses, o direito de ir e vir foi barrado pelo medo e inseguran\u00e7a, onde diversos pa\u00edses restringiram parcial ou completamente a circula\u00e7\u00e3o da popula\u00e7\u00e3o nas ruas com a implementa\u00e7\u00e3o de normas restritivas de isolamento social. Por outro lado, as restri\u00e7\u00f5es v\u00eam oferecendo reflexos positivos ao meio ambiente. Continue com a gente e saiba mais sobre o Coronav\u00edrus e os impactos na qualidade do ar.<\/p>\n\n\n\n<h4 class=\"wp-block-heading\"><span class=\"ez-toc-section\" id=\"Qualidade_do_ar_no_Brasil_apos_as_medidas_de_restricao\"><\/span>Qualidade do ar no Brasil ap\u00f3s as medidas de restri\u00e7\u00e3o<span class=\"ez-toc-section-end\"><\/span><\/h4>\n\n\n\n<figure class=\"wp-block-image size-large\"><img decoding=\"async\" width=\"1200\" height=\"527\" src=\"https:\/\/sicflux.com.br\/blog\/wp-content\/uploads\/2020\/05\/Links05-1.jpg\" alt=\"Qualidade do ar no Brasil ap\u00f3s as medidas de restri\u00e7\u00e3o\" class=\"wp-image-732\" srcset=\"https:\/\/sicflux.com.br\/blog\/wp-content\/uploads\/2020\/05\/Links05-1.jpg 1200w, https:\/\/sicflux.com.br\/blog\/wp-content\/uploads\/2020\/05\/Links05-1-300x132.jpg 300w, https:\/\/sicflux.com.br\/blog\/wp-content\/uploads\/2020\/05\/Links05-1-768x337.jpg 768w\" sizes=\"(max-width: 1200px) 100vw, 1200px\" \/><\/figure>\n\n\n\n<p>De acordo com a Organiza\u00e7\u00e3o Mundial da Sa\u00fade (OMS), em uma estat\u00edstica de 2016, cerca de 91% da popula\u00e7\u00e3o mundial vive em locais em que a qualidade do ar est\u00e1 abaixo do recomendado \u2013 globalmente esta condi\u00e7\u00e3o levaria a cerca de 4,2 milh\u00f5es de mortes prematuras por ano.<\/p>\n\n\n\n<p>Esse n\u00famero reduziu drasticamente ap\u00f3s as medidas de restri\u00e7\u00e3o impostas na tentativa de frear a propaga\u00e7\u00e3o do&nbsp;Coronav\u00edrus&nbsp;e impedir que os sistemas p\u00fablicos de sa\u00fade entrem em colapso.<\/p>\n\n\n\n<p>Assim como outros pa\u00edses ao redor do mundo, no Brasil tamb\u00e9m foram registradas redu\u00e7\u00f5es recorde de poluentes no ar, como di\u00f3xido de nitrog\u00eanio (NO2) e mon\u00f3xido de carbono (CO), resultantes principalmente da queima de combust\u00edveis em ve\u00edculos e atividades industriais.<\/p>\n\n\n\n<p>Regi\u00f5es como S\u00e3o Paulo, Rio Janeiro e Belo Horizonte, em Minas Gerais registraram uma importante queda nos \u00edndices de mon\u00f3xido de carbono e nos \u00edndices de di\u00f3xido de nitrog\u00eanio. <\/p>\n\n\n\n<p>Para se ter uma ideia, esta\u00e7\u00f5es meteorol\u00f3gicas no Distrito Industrial de Santa Cruz e em Duque de Caxias apontaram redu\u00e7\u00f5es nas concentra\u00e7\u00f5es desse composto em 77% e 45%, respectivamente, no final de mar\u00e7o.<\/p>\n\n\n\n<p>No Paran\u00e1, a emiss\u00e3o dos gases de mon\u00f3xido de carbono (CO) e di\u00f3xido de nitrog\u00eanio (NO2) caiu mais da metade nas ultimas semanas, de acordo com o Instituto \u00c1gua e Terra do Paran\u00e1, \u00f3rg\u00e3o do governo do Paran\u00e1 respons\u00e1vel pela medi\u00e7\u00e3o.<\/p>\n\n\n\n<p>An\u00e1lises e Imagens da Ag\u00eancia Espacial Europeia, mostram redu\u00e7\u00e3o do di\u00f3xido de nitrog\u00eanio em S\u00e3o Paulo, Rio de Janeiro, Bras\u00edlia, Goi\u00e2nia, Curitiba, Salvador e Belo Horizonte.<\/p>\n\n\n\n<figure class=\"wp-block-image size-large\"><img decoding=\"async\" width=\"1200\" height=\"527\" src=\"https:\/\/sicflux.com.br\/blog\/wp-content\/uploads\/2020\/05\/Links02-1.jpg\" alt=\"\" class=\"wp-image-733\" srcset=\"https:\/\/sicflux.com.br\/blog\/wp-content\/uploads\/2020\/05\/Links02-1.jpg 1200w, https:\/\/sicflux.com.br\/blog\/wp-content\/uploads\/2020\/05\/Links02-1-300x132.jpg 300w, https:\/\/sicflux.com.br\/blog\/wp-content\/uploads\/2020\/05\/Links02-1-768x337.jpg 768w\" sizes=\"(max-width: 1200px) 100vw, 1200px\" \/><figcaption>Fonte ND+<\/figcaption><\/figure>\n\n\n\n<p>Em Santa Catarina, um levantamento elaborado pelo IMA (Instituto do Meio Ambiente do Estado de Santa Catarina), com base nas imagens de sat\u00e9lite da ESA (Ag\u00eancia Espacial Europeia), mostrou a redu\u00e7\u00e3o na quantidade de di\u00f3xido de nitrog\u00eanio, subst\u00e2ncia comum na atmosfera ap\u00f3s a combust\u00e3o de combust\u00edveis f\u00f3sseis, em todo o Estado durante o isolamento.<\/p>\n\n\n\n<p>A an\u00e1lise fez um comparativo entre o per\u00edodo de quarentena, que teve in\u00edcio no dia 20 de mar\u00e7o deste ano, com a mesma data referente ao ano passado.<\/p>\n\n\n\n<h4 class=\"wp-block-heading\"><span class=\"ez-toc-section\" id=\"Animais_voltaram_a_aparecer\"><\/span>Animais voltaram a aparecer<span class=\"ez-toc-section-end\"><\/span><\/h4>\n\n\n\n<figure class=\"wp-block-image size-large\"><img decoding=\"async\" width=\"1200\" height=\"527\" src=\"https:\/\/sicflux.com.br\/blog\/wp-content\/uploads\/2020\/05\/Links03-1.jpg\" alt=\"Animais voltaram a aparecer\" class=\"wp-image-734\" srcset=\"https:\/\/sicflux.com.br\/blog\/wp-content\/uploads\/2020\/05\/Links03-1.jpg 1200w, https:\/\/sicflux.com.br\/blog\/wp-content\/uploads\/2020\/05\/Links03-1-300x132.jpg 300w, https:\/\/sicflux.com.br\/blog\/wp-content\/uploads\/2020\/05\/Links03-1-768x337.jpg 768w\" sizes=\"(max-width: 1200px) 100vw, 1200px\" \/><\/figure>\n\n\n\n<p>Com a diminui\u00e7\u00e3o de movimenta\u00e7\u00f5es nas cidades e estradas, diversos animais silvestres que antes se limitavam a permanecer em seus habitats v\u00eam sendo flagrados passeando por diversas cidades.<\/p>\n\n\n\n<p>P\u00e1ssaros cantando, javalis andando pela cidade e golfinhos de volta \u00e0s costas. Le\u00f5es, ursos, coiotes, cervos, ovelhas, cabras e at\u00e9 perus j\u00e1 foram avistados passeando nas ruas.<\/p>\n\n\n\n<p>Al\u00e9m dos animais, a diminui\u00e7\u00e3o da polui\u00e7\u00e3o do ar tamb\u00e9m fez alguns fen\u00f4menos aparecem novamente. Como a cordilheira do Himalaia, que depois de quase 30 anos est\u00e1 vis\u00edvel a mais de 160 quil\u00f4metros de dist\u00e2ncia.<\/p>\n\n\n\n<p>Essa pandemia serve para refletirmos sobre o grande impacto que n\u00f3s seres humanos causamos na natureza, e o quanto precisamos nos conscientizar sobre as nossas atitudes perante a isso. Por isso, mais do que nunca precisamos investir em pol\u00edticas p\u00fablicas ambientais e de mobilidade para controlar essas emiss\u00f5es, al\u00e9m da implementa\u00e7\u00e3o de produtos e equipamentos que colaboram para a renova\u00e7\u00e3o do ar no ambiente.<\/p>\n\n\n\n<p>A Sicflux conta com uma equipe qualificada e uma linha completa de produtos e equipamentos\u00a0para renovar e manter a boa\u00a0qualidade do ar\u00a0em ambientes internos, garantindo conforto t\u00e9rmico e sa\u00fade para todos os ocupantes.<\/p>\n\n\n\n<p><a href=\"https:\/\/sicflux.minhalojanouol.com.br\/\">Acesse nossa loja virtual!<\/a><\/p>\n","protected":false},"excerpt":{"rendered":"<p>N\u00e3o h\u00e1 como negar que estamos vivendo tempos dif\u00edceis com a pandemia do novo Coronav\u00edrus. Em poucos meses, o direito de ir e vir foi barrado pelo medo e inseguran\u00e7a, onde diversos pa\u00edses restringiram parcial&#8230;<\/p>\n","protected":false},"author":1,"featured_media":731,"comment_status":"open","ping_status":"open","sticky":true,"template":"","format":"standard","meta":{"_acf_changed":false,"footnotes":""},"categories":[10],"tags":[49],"class_list":["post-729","post","type-post","status-publish","format-standard","has-post-thumbnail","hentry","category-qualidade-do-ar","tag-impactosnaqualidadedoar"],"acf":[],"yoast_head":"<!-- This site is optimized with the Yoast SEO plugin v24.0 - https:\/\/yoast.com\/wordpress\/plugins\/seo\/ -->\n<title>Coronav\u00edrus e os impactos na qualidade do ar - Sicflux<\/title>\n<meta name=\"description\" content=\"N\u00e3o h\u00e1 como negar que estamos vivendo tempos dif\u00edceis com a pandemia do novo Coronav\u00edrus. Saiba mais sobre o Coronav\u00edrus e os impactos na qualidade do ar.\" \/>\n<meta name=\"robots\" content=\"index, follow, max-snippet:-1, max-image-preview:large, max-video-preview:-1\" \/>\n<link rel=\"canonical\" href=\"https:\/\/sicflux.com.br\/blog\/coronavirus-e-os-impactos-na-qualidade-do-ar\/\" \/>\n<meta property=\"og:locale\" content=\"pt_BR\" \/>\n<meta property=\"og:type\" content=\"article\" \/>\n<meta property=\"og:title\" content=\"Coronav\u00edrus e os impactos na qualidade do ar - Sicflux\" \/>\n<meta property=\"og:description\" content=\"N\u00e3o h\u00e1 como negar que estamos vivendo tempos dif\u00edceis com a pandemia do novo Coronav\u00edrus. Saiba mais sobre o Coronav\u00edrus e os impactos na qualidade do ar.\" \/>\n<meta property=\"og:url\" content=\"https:\/\/sicflux.com.br\/blog\/coronavirus-e-os-impactos-na-qualidade-do-ar\/\" \/>\n<meta property=\"og:site_name\" content=\"Sicflux\" \/>\n<meta property=\"article:publisher\" content=\"https:\/\/www.facebook.com\/sicflux.profissional\/\" \/>\n<meta property=\"article:published_time\" content=\"2020-05-25T17:19:02+00:00\" \/>\n<meta property=\"article:modified_time\" content=\"2020-05-25T17:19:03+00:00\" \/>\n<meta property=\"og:image\" content=\"https:\/\/sicflux.com.br\/blog\/wp-content\/uploads\/2020\/05\/Links01.jpg\" \/>\n\t<meta property=\"og:image:width\" content=\"1200\" \/>\n\t<meta property=\"og:image:height\" content=\"527\" \/>\n\t<meta property=\"og:image:type\" content=\"image\/jpeg\" \/>\n<meta name=\"author\" content=\"Sicflux Brasil\" \/>\n<meta name=\"twitter:card\" content=\"summary_large_image\" \/>\n<meta name=\"twitter:label1\" content=\"Escrito por\" \/>\n\t<meta name=\"twitter:data1\" content=\"Sicflux Brasil\" \/>\n\t<meta name=\"twitter:label2\" content=\"Est. tempo de leitura\" \/>\n\t<meta name=\"twitter:data2\" content=\"4 minutos\" \/>\n<script type=\"application\/ld+json\" class=\"yoast-schema-graph\">{\"@context\":\"https:\/\/schema.org\",\"@graph\":[{\"@type\":\"Article\",\"@id\":\"https:\/\/sicflux.com.br\/blog\/coronavirus-e-os-impactos-na-qualidade-do-ar\/#article\",\"isPartOf\":{\"@id\":\"https:\/\/sicflux.com.br\/blog\/coronavirus-e-os-impactos-na-qualidade-do-ar\/\"},\"author\":{\"name\":\"Sicflux Brasil\",\"@id\":\"https:\/\/sicflux.com.br\/#\/schema\/person\/b0991863a2071fab9bb9cc7a546e04e0\"},\"headline\":\"Coronav\u00edrus e os impactos na qualidade do ar\",\"datePublished\":\"2020-05-25T17:19:02+00:00\",\"dateModified\":\"2020-05-25T17:19:03+00:00\",\"mainEntityOfPage\":{\"@id\":\"https:\/\/sicflux.com.br\/blog\/coronavirus-e-os-impactos-na-qualidade-do-ar\/\"},\"wordCount\":716,\"commentCount\":0,\"publisher\":{\"@id\":\"https:\/\/sicflux.com.br\/#organization\"},\"image\":{\"@id\":\"https:\/\/sicflux.com.br\/blog\/coronavirus-e-os-impactos-na-qualidade-do-ar\/#primaryimage\"},\"thumbnailUrl\":\"https:\/\/sicflux.com.br\/blog\/wp-content\/uploads\/2020\/05\/Links01.jpg\",\"keywords\":[\"#impactosnaqualidadedoar\"],\"articleSection\":[\"Qualidade do ar\"],\"inLanguage\":\"pt-BR\",\"potentialAction\":[{\"@type\":\"CommentAction\",\"name\":\"Comment\",\"target\":[\"https:\/\/sicflux.com.br\/blog\/coronavirus-e-os-impactos-na-qualidade-do-ar\/#respond\"]}]},{\"@type\":\"WebPage\",\"@id\":\"https:\/\/sicflux.com.br\/blog\/coronavirus-e-os-impactos-na-qualidade-do-ar\/\",\"url\":\"https:\/\/sicflux.com.br\/blog\/coronavirus-e-os-impactos-na-qualidade-do-ar\/\",\"name\":\"Coronav\u00edrus e os impactos na qualidade do ar - Sicflux\",\"isPartOf\":{\"@id\":\"https:\/\/sicflux.com.br\/#website\"},\"primaryImageOfPage\":{\"@id\":\"https:\/\/sicflux.com.br\/blog\/coronavirus-e-os-impactos-na-qualidade-do-ar\/#primaryimage\"},\"image\":{\"@id\":\"https:\/\/sicflux.com.br\/blog\/coronavirus-e-os-impactos-na-qualidade-do-ar\/#primaryimage\"},\"thumbnailUrl\":\"https:\/\/sicflux.com.br\/blog\/wp-content\/uploads\/2020\/05\/Links01.jpg\",\"datePublished\":\"2020-05-25T17:19:02+00:00\",\"dateModified\":\"2020-05-25T17:19:03+00:00\",\"description\":\"N\u00e3o h\u00e1 como negar que estamos vivendo tempos dif\u00edceis com a pandemia do novo Coronav\u00edrus. Saiba mais sobre o Coronav\u00edrus e os impactos na qualidade do ar.\",\"breadcrumb\":{\"@id\":\"https:\/\/sicflux.com.br\/blog\/coronavirus-e-os-impactos-na-qualidade-do-ar\/#breadcrumb\"},\"inLanguage\":\"pt-BR\",\"potentialAction\":[{\"@type\":\"ReadAction\",\"target\":[\"https:\/\/sicflux.com.br\/blog\/coronavirus-e-os-impactos-na-qualidade-do-ar\/\"]}]},{\"@type\":\"ImageObject\",\"inLanguage\":\"pt-BR\",\"@id\":\"https:\/\/sicflux.com.br\/blog\/coronavirus-e-os-impactos-na-qualidade-do-ar\/#primaryimage\",\"url\":\"https:\/\/sicflux.com.br\/blog\/wp-content\/uploads\/2020\/05\/Links01.jpg\",\"contentUrl\":\"https:\/\/sicflux.com.br\/blog\/wp-content\/uploads\/2020\/05\/Links01.jpg\",\"width\":1200,\"height\":527},{\"@type\":\"BreadcrumbList\",\"@id\":\"https:\/\/sicflux.com.br\/blog\/coronavirus-e-os-impactos-na-qualidade-do-ar\/#breadcrumb\",\"itemListElement\":[{\"@type\":\"ListItem\",\"position\":1,\"name\":\"In\u00edcio\",\"item\":\"https:\/\/sicflux.com.br\/\"},{\"@type\":\"ListItem\",\"position\":2,\"name\":\"Coronav\u00edrus e os impactos na qualidade do ar\"}]},{\"@type\":\"WebSite\",\"@id\":\"https:\/\/sicflux.com.br\/#website\",\"url\":\"https:\/\/sicflux.com.br\/\",\"name\":\"Sicflux Brasil\",\"description\":\"Ar em movimento\",\"publisher\":{\"@id\":\"https:\/\/sicflux.com.br\/#organization\"},\"alternateName\":\"Sicflux Brasil\",\"potentialAction\":[{\"@type\":\"SearchAction\",\"target\":{\"@type\":\"EntryPoint\",\"urlTemplate\":\"https:\/\/sicflux.com.br\/?s={search_term_string}\"},\"query-input\":{\"@type\":\"PropertyValueSpecification\",\"valueRequired\":true,\"valueName\":\"search_term_string\"}}],\"inLanguage\":\"pt-BR\"},{\"@type\":\"Organization\",\"@id\":\"https:\/\/sicflux.com.br\/#organization\",\"name\":\"Sicflux Brasil\",\"alternateName\":\"Sicflux Brasil\",\"url\":\"https:\/\/sicflux.com.br\/\",\"logo\":{\"@type\":\"ImageObject\",\"inLanguage\":\"pt-BR\",\"@id\":\"https:\/\/sicflux.com.br\/#\/schema\/logo\/image\/\",\"url\":\"https:\/\/sicflux.com.br\/blog\/wp-content\/uploads\/2019\/09\/logo-sicflux-1.png\",\"contentUrl\":\"https:\/\/sicflux.com.br\/blog\/wp-content\/uploads\/2019\/09\/logo-sicflux-1.png\",\"width\":600,\"height\":169,\"caption\":\"Sicflux Brasil\"},\"image\":{\"@id\":\"https:\/\/sicflux.com.br\/#\/schema\/logo\/image\/\"},\"sameAs\":[\"https:\/\/www.facebook.com\/sicflux.profissional\/\",\"https:\/\/www.instagram.com\/sicflux\/\",\"https:\/\/www.linkedin.com\/company\/sicflux\/\"]},{\"@type\":\"Person\",\"@id\":\"https:\/\/sicflux.com.br\/#\/schema\/person\/b0991863a2071fab9bb9cc7a546e04e0\",\"name\":\"Sicflux Brasil\",\"image\":{\"@type\":\"ImageObject\",\"inLanguage\":\"pt-BR\",\"@id\":\"https:\/\/sicflux.com.br\/#\/schema\/person\/image\/\",\"url\":\"https:\/\/secure.gravatar.com\/avatar\/27089a835d9c4ab26557590e093588b0?s=96&d=mm&r=g\",\"contentUrl\":\"https:\/\/secure.gravatar.com\/avatar\/27089a835d9c4ab26557590e093588b0?s=96&d=mm&r=g\",\"caption\":\"Sicflux Brasil\"}}]}<\/script>\n<!-- \/ Yoast SEO plugin. -->","yoast_head_json":{"title":"Coronav\u00edrus e os impactos na qualidade do ar - Sicflux","description":"N\u00e3o h\u00e1 como negar que estamos vivendo tempos dif\u00edceis com a pandemia do novo Coronav\u00edrus. Saiba mais sobre o Coronav\u00edrus e os impactos na qualidade do ar.","robots":{"index":"index","follow":"follow","max-snippet":"max-snippet:-1","max-image-preview":"max-image-preview:large","max-video-preview":"max-video-preview:-1"},"canonical":"https:\/\/sicflux.com.br\/blog\/coronavirus-e-os-impactos-na-qualidade-do-ar\/","og_locale":"pt_BR","og_type":"article","og_title":"Coronav\u00edrus e os impactos na qualidade do ar - Sicflux","og_description":"N\u00e3o h\u00e1 como negar que estamos vivendo tempos dif\u00edceis com a pandemia do novo Coronav\u00edrus. Saiba mais sobre o Coronav\u00edrus e os impactos na qualidade do ar.","og_url":"https:\/\/sicflux.com.br\/blog\/coronavirus-e-os-impactos-na-qualidade-do-ar\/","og_site_name":"Sicflux","article_publisher":"https:\/\/www.facebook.com\/sicflux.profissional\/","article_published_time":"2020-05-25T17:19:02+00:00","article_modified_time":"2020-05-25T17:19:03+00:00","og_image":[{"width":1200,"height":527,"url":"https:\/\/sicflux.com.br\/blog\/wp-content\/uploads\/2020\/05\/Links01.jpg","type":"image\/jpeg"}],"author":"Sicflux Brasil","twitter_card":"summary_large_image","twitter_misc":{"Escrito por":"Sicflux Brasil","Est. tempo de leitura":"4 minutos"},"schema":{"@context":"https:\/\/schema.org","@graph":[{"@type":"Article","@id":"https:\/\/sicflux.com.br\/blog\/coronavirus-e-os-impactos-na-qualidade-do-ar\/#article","isPartOf":{"@id":"https:\/\/sicflux.com.br\/blog\/coronavirus-e-os-impactos-na-qualidade-do-ar\/"},"author":{"name":"Sicflux Brasil","@id":"https:\/\/sicflux.com.br\/#\/schema\/person\/b0991863a2071fab9bb9cc7a546e04e0"},"headline":"Coronav\u00edrus e os impactos na qualidade do ar","datePublished":"2020-05-25T17:19:02+00:00","dateModified":"2020-05-25T17:19:03+00:00","mainEntityOfPage":{"@id":"https:\/\/sicflux.com.br\/blog\/coronavirus-e-os-impactos-na-qualidade-do-ar\/"},"wordCount":716,"commentCount":0,"publisher":{"@id":"https:\/\/sicflux.com.br\/#organization"},"image":{"@id":"https:\/\/sicflux.com.br\/blog\/coronavirus-e-os-impactos-na-qualidade-do-ar\/#primaryimage"},"thumbnailUrl":"https:\/\/sicflux.com.br\/blog\/wp-content\/uploads\/2020\/05\/Links01.jpg","keywords":["#impactosnaqualidadedoar"],"articleSection":["Qualidade do ar"],"inLanguage":"pt-BR","potentialAction":[{"@type":"CommentAction","name":"Comment","target":["https:\/\/sicflux.com.br\/blog\/coronavirus-e-os-impactos-na-qualidade-do-ar\/#respond"]}]},{"@type":"WebPage","@id":"https:\/\/sicflux.com.br\/blog\/coronavirus-e-os-impactos-na-qualidade-do-ar\/","url":"https:\/\/sicflux.com.br\/blog\/coronavirus-e-os-impactos-na-qualidade-do-ar\/","name":"Coronav\u00edrus e os impactos na qualidade do ar - Sicflux","isPartOf":{"@id":"https:\/\/sicflux.com.br\/#website"},"primaryImageOfPage":{"@id":"https:\/\/sicflux.com.br\/blog\/coronavirus-e-os-impactos-na-qualidade-do-ar\/#primaryimage"},"image":{"@id":"https:\/\/sicflux.com.br\/blog\/coronavirus-e-os-impactos-na-qualidade-do-ar\/#primaryimage"},"thumbnailUrl":"https:\/\/sicflux.com.br\/blog\/wp-content\/uploads\/2020\/05\/Links01.jpg","datePublished":"2020-05-25T17:19:02+00:00","dateModified":"2020-05-25T17:19:03+00:00","description":"N\u00e3o h\u00e1 como negar que estamos vivendo tempos dif\u00edceis com a pandemia do novo Coronav\u00edrus. Saiba mais sobre o Coronav\u00edrus e os impactos na qualidade do ar.","breadcrumb":{"@id":"https:\/\/sicflux.com.br\/blog\/coronavirus-e-os-impactos-na-qualidade-do-ar\/#breadcrumb"},"inLanguage":"pt-BR","potentialAction":[{"@type":"ReadAction","target":["https:\/\/sicflux.com.br\/blog\/coronavirus-e-os-impactos-na-qualidade-do-ar\/"]}]},{"@type":"ImageObject","inLanguage":"pt-BR","@id":"https:\/\/sicflux.com.br\/blog\/coronavirus-e-os-impactos-na-qualidade-do-ar\/#primaryimage","url":"https:\/\/sicflux.com.br\/blog\/wp-content\/uploads\/2020\/05\/Links01.jpg","contentUrl":"https:\/\/sicflux.com.br\/blog\/wp-content\/uploads\/2020\/05\/Links01.jpg","width":1200,"height":527},{"@type":"BreadcrumbList","@id":"https:\/\/sicflux.com.br\/blog\/coronavirus-e-os-impactos-na-qualidade-do-ar\/#breadcrumb","itemListElement":[{"@type":"ListItem","position":1,"name":"In\u00edcio","item":"https:\/\/sicflux.com.br\/"},{"@type":"ListItem","position":2,"name":"Coronav\u00edrus e os impactos na qualidade do ar"}]},{"@type":"WebSite","@id":"https:\/\/sicflux.com.br\/#website","url":"https:\/\/sicflux.com.br\/","name":"Sicflux Brasil","description":"Ar em movimento","publisher":{"@id":"https:\/\/sicflux.com.br\/#organization"},"alternateName":"Sicflux Brasil","potentialAction":[{"@type":"SearchAction","target":{"@type":"EntryPoint","urlTemplate":"https:\/\/sicflux.com.br\/?s={search_term_string}"},"query-input":{"@type":"PropertyValueSpecification","valueRequired":true,"valueName":"search_term_string"}}],"inLanguage":"pt-BR"},{"@type":"Organization","@id":"https:\/\/sicflux.com.br\/#organization","name":"Sicflux Brasil","alternateName":"Sicflux Brasil","url":"https:\/\/sicflux.com.br\/","logo":{"@type":"ImageObject","inLanguage":"pt-BR","@id":"https:\/\/sicflux.com.br\/#\/schema\/logo\/image\/","url":"https:\/\/sicflux.com.br\/blog\/wp-content\/uploads\/2019\/09\/logo-sicflux-1.png","contentUrl":"https:\/\/sicflux.com.br\/blog\/wp-content\/uploads\/2019\/09\/logo-sicflux-1.png","width":600,"height":169,"caption":"Sicflux Brasil"},"image":{"@id":"https:\/\/sicflux.com.br\/#\/schema\/logo\/image\/"},"sameAs":["https:\/\/www.facebook.com\/sicflux.profissional\/","https:\/\/www.instagram.com\/sicflux\/","https:\/\/www.linkedin.com\/company\/sicflux\/"]},{"@type":"Person","@id":"https:\/\/sicflux.com.br\/#\/schema\/person\/b0991863a2071fab9bb9cc7a546e04e0","name":"Sicflux Brasil","image":{"@type":"ImageObject","inLanguage":"pt-BR","@id":"https:\/\/sicflux.com.br\/#\/schema\/person\/image\/","url":"https:\/\/secure.gravatar.com\/avatar\/27089a835d9c4ab26557590e093588b0?s=96&d=mm&r=g","contentUrl":"https:\/\/secure.gravatar.com\/avatar\/27089a835d9c4ab26557590e093588b0?s=96&d=mm&r=g","caption":"Sicflux Brasil"}}]}},"_links":{"self":[{"href":"https:\/\/sicflux.com.br\/blog\/wp-json\/wp\/v2\/posts\/729","targetHints":{"allow":["GET"]}}],"collection":[{"href":"https:\/\/sicflux.com.br\/blog\/wp-json\/wp\/v2\/posts"}],"about":[{"href":"https:\/\/sicflux.com.br\/blog\/wp-json\/wp\/v2\/types\/post"}],"author":[{"embeddable":true,"href":"https:\/\/sicflux.com.br\/blog\/wp-json\/wp\/v2\/users\/1"}],"replies":[{"embeddable":true,"href":"https:\/\/sicflux.com.br\/blog\/wp-json\/wp\/v2\/comments?post=729"}],"version-history":[{"count":0,"href":"https:\/\/sicflux.com.br\/blog\/wp-json\/wp\/v2\/posts\/729\/revisions"}],"wp:featuredmedia":[{"embeddable":true,"href":"https:\/\/sicflux.com.br\/blog\/wp-json\/wp\/v2\/media\/731"}],"wp:attachment":[{"href":"https:\/\/sicflux.com.br\/blog\/wp-json\/wp\/v2\/media?parent=729"}],"wp:term":[{"taxonomy":"category","embeddable":true,"href":"https:\/\/sicflux.com.br\/blog\/wp-json\/wp\/v2\/categories?post=729"},{"taxonomy":"post_tag","embeddable":true,"href":"https:\/\/sicflux.com.br\/blog\/wp-json\/wp\/v2\/tags?post=729"}],"curies":[{"name":"wp","href":"https:\/\/api.w.org\/{rel}","templated":true}]}}