{"id":940,"date":"2020-11-18T13:38:57","date_gmt":"2020-11-18T16:38:57","guid":{"rendered":"https:\/\/sicflux.com.br\/blog\/?p=940"},"modified":"2024-10-11T10:42:06","modified_gmt":"2024-10-11T13:42:06","slug":"importancia-da-ventilacao-de-ambientes-internos-no-combate-ao-coronavirus","status":"publish","type":"post","link":"https:\/\/sicflux.com.br\/blog\/importancia-da-ventilacao-de-ambientes-internos-no-combate-ao-coronavirus\/","title":{"rendered":"Import\u00e2ncia da ventila\u00e7\u00e3o de ambientes internos no combate ao Coronav\u00edrus"},"content":{"rendered":"<div id=\"ez-toc-container\" class=\"ez-toc-v2_0_69_1 counter-hierarchy ez-toc-counter ez-toc-custom ez-toc-container-direction\">\n<p class=\"ez-toc-title\" style=\"cursor:inherit\">\u00cdndice<\/p>\n<label for=\"ez-toc-cssicon-toggle-item-69f5aef9989e5\" class=\"ez-toc-cssicon-toggle-label\"><span class=\"\"><span class=\"eztoc-hide\" style=\"display:none;\">Toggle<\/span><span class=\"ez-toc-icon-toggle-span\"><svg style=\"fill: #999;color:#999\" xmlns=\"http:\/\/www.w3.org\/2000\/svg\" class=\"list-377408\" width=\"20px\" height=\"20px\" viewBox=\"0 0 24 24\" fill=\"none\"><path d=\"M6 6H4v2h2V6zm14 0H8v2h12V6zM4 11h2v2H4v-2zm16 0H8v2h12v-2zM4 16h2v2H4v-2zm16 0H8v2h12v-2z\" fill=\"currentColor\"><\/path><\/svg><svg style=\"fill: #999;color:#999\" class=\"arrow-unsorted-368013\" xmlns=\"http:\/\/www.w3.org\/2000\/svg\" width=\"10px\" height=\"10px\" viewBox=\"0 0 24 24\" version=\"1.2\" baseProfile=\"tiny\"><path d=\"M18.2 9.3l-6.2-6.3-6.2 6.3c-.2.2-.3.4-.3.7s.1.5.3.7c.2.2.4.3.7.3h11c.3 0 .5-.1.7-.3.2-.2.3-.5.3-.7s-.1-.5-.3-.7zM5.8 14.7l6.2 6.3 6.2-6.3c.2-.2.3-.5.3-.7s-.1-.5-.3-.7c-.2-.2-.4-.3-.7-.3h-11c-.3 0-.5.1-.7.3-.2.2-.3.5-.3.7s.1.5.3.7z\"\/><\/svg><\/span><\/span><\/label><input type=\"checkbox\"  id=\"ez-toc-cssicon-toggle-item-69f5aef9989e5\"  aria-label=\"Toggle\" \/><nav><ul class='ez-toc-list ez-toc-list-level-1 ' ><li class='ez-toc-page-1 ez-toc-heading-level-4'><a class=\"ez-toc-link ez-toc-heading-1\" href=\"https:\/\/sicflux.com.br\/blog\/importancia-da-ventilacao-de-ambientes-internos-no-combate-ao-coronavirus\/#O_estudo\" title=\"O estudo\">O estudo<\/a><\/li><li class='ez-toc-page-1 ez-toc-heading-level-4'><a class=\"ez-toc-link ez-toc-heading-2\" href=\"https:\/\/sicflux.com.br\/blog\/importancia-da-ventilacao-de-ambientes-internos-no-combate-ao-coronavirus\/#Qualidade_do_ar_em_ambientes_fechados\" title=\"Qualidade do ar em ambientes fechados\">Qualidade do ar em ambientes fechados<\/a><\/li><\/ul><\/nav><\/div>\n\n<p>N\u00e3o existem mais d\u00favidas de que o novo Coronav\u00edrus \u00e9 espalhado, principalmente, por part\u00edculas exaladas por pacientes infectados. E, levando esse fator em considera\u00e7\u00e3o, devemos tamb\u00e9m pensar na import\u00e2ncia da ventila\u00e7\u00e3o de ambientes internos no combate ao Coronav\u00edrus.&nbsp;<\/p>\n\n\n\n<p>Pesquisas recentes mostram que, em espa\u00e7os fechados, pode haver a &#8220;transmiss\u00e3o a\u00e9rea&#8221; de <a href=\"https:\/\/sicflux.com.br\/blog\/como-o-coronavirus-se-espalha-pelo-ar\/\" target=\"_blank\" rel=\"noreferrer noopener\">min\u00fasculas part\u00edculas de v\u00edrus<\/a> pairando no ar.<\/p>\n\n\n\n<p>O uso de m\u00e1scaras e a limita\u00e7\u00e3o do n\u00famero de pessoas em um ambiente s\u00e3o importantes, mas de acordo com um estudo alem\u00e3o, uma boa tecnologia de ventila\u00e7\u00e3o \u00e9 o ingrediente mais essencial para diminuir o risco de dissemina\u00e7\u00e3o do Coronav\u00edrus de eventos em locais fechados. Segundo os pesquisadores, os resultados do estudo tamb\u00e9m t\u00eam implica\u00e7\u00f5es para conter a epidemia entre a popula\u00e7\u00e3o como um todo.<\/p>\n\n\n\n<h4 class=\"wp-block-heading\"><span class=\"ez-toc-section\" id=\"O_estudo\"><\/span>O estudo<span class=\"ez-toc-section-end\"><\/span><\/h4>\n\n\n\n<p>Cerca de 1.500 volunt\u00e1rios com m\u00e1scaras, gel antiss\u00e9ptico e rastreadores de proximidade compareceram a um show pop em local fechado em Leipzig, em agosto, para verificar como o v\u00edrus se propaga em grandes aglomera\u00e7\u00f5es. Os pesquisadores simularam tr\u00eas situa\u00e7\u00f5es com n\u00fameros variados de espectadores e padr\u00f5es de distanciamento social, e criaram um modelo de computador da arena para analisar o fluxo de aeross\u00f3is de espectadores infectados em potencial.<\/p>\n\n\n\n<p>&#8220;A descoberta mais importante foi entender como \u00e9 crucial ter uma boa tecnologia de ventila\u00e7\u00e3o. Isto \u00e9 essencial para diminuir o risco de infec\u00e7\u00e3o&#8221;, disse Stefan Moritz, l\u00edder do estudo Restart-19 da Escola de Medicina da Universidade de Halle.<\/p>\n\n\n\n<p>O estudo tamb\u00e9m descobriu que reduzir a capacidade dos locais p\u00fablicos e ter v\u00e1rias entradas na arena e assentos para espectadores pode ter um impacto significativo no n\u00famero de conex\u00f5es que as pessoas acumulam.<\/p>\n\n\n\n<p>Suas recomenda\u00e7\u00f5es incluem s\u00f3 permitir o consumo de alimentos em cadeiras, \u00e1reas de espera ao ar livre, uso de m\u00e1scaras durante a dura\u00e7\u00e3o do espet\u00e1culo e o emprego de fiscais para fazer com que as pessoas se atenham \u00e0s regras de higiene.<\/p>\n\n\n\n<h4 class=\"wp-block-heading\"><span class=\"ez-toc-section\" id=\"Qualidade_do_ar_em_ambientes_fechados\"><\/span>Qualidade do ar em ambientes fechados<span class=\"ez-toc-section-end\"><\/span><\/h4>\n\n\n\n<p>Com a chegada do ver\u00e3o, em dezembro, o uso de aparelhos de ar condicionado se torna mais habitual, entretanto, \u00e9 preciso estar atento a esse risco real e buscar alternativas que sirvam, ao mesmo tempo, para nos proteger do v\u00edrus.<\/p>\n\n\n\n<p>Embora seja dif\u00edcil combater o Coronav\u00edrus, \u00e9 importante contar com sistemas de ventila\u00e7\u00e3o capazes de auxiliar nesse desafio. O ar deve ser descartado e movimentado de forma otimizada para jogar fora as part\u00edculas mais contaminadas.<\/p>\n\n\n\n<p>Com a aprova\u00e7\u00e3o da lei 13.589\/2018 sobre renova\u00e7\u00e3o de ar, a preocupa\u00e7\u00e3o com a&nbsp;qualidade do ar&nbsp;em&nbsp;ambientes internos&nbsp;se tornou obrigat\u00f3ria. A lei tem como objetivo garantir a boa qualidade do ar interior, considerando padr\u00f5es de temperatura, umidade, velocidade, taxa de renova\u00e7\u00e3o e grau de pureza do ar.<\/p>\n\n\n\n<p>Algumas a\u00e7\u00f5es como a ventila\u00e7\u00e3o dos espa\u00e7os fechados j\u00e1 podem contribuir para melhorar a&nbsp;qualidade do ar&nbsp;de&nbsp;ambientes internos. Para quem utiliza ar condicionado, a lei obriga que seja instalado um sistema composto de ventilador e filtros (Insuflador), que atuam com o objetivo de renovar esse ar.<\/p>\n\n\n\n<p>Al\u00e9m disso, manter os aparelhos e demais sistemas de ventila\u00e7\u00e3o sob manuten\u00e7\u00f5es peri\u00f3dicas \u00e9 de grande import\u00e2ncia para reduzir ou at\u00e9 eliminar as fontes potenciais de poluentes.<\/p>\n\n\n\n<p>Com um conceito totalmente novo no mercado, a Sicflux desenvolveu e criou o insuflador de ar SPLITVENT, compacto e de f\u00e1cil instala\u00e7\u00e3o. Com ele, \u00e9 poss\u00edvel puxar o ar de fora, filtr\u00e1-lo e inseri-lo no ambiente, de forma a manter o ar sempre renovado \u2013 o que n\u00e3o \u00e9 poss\u00edvel somente com a utiliza\u00e7\u00e3o do ar condicionado SPLIT.&nbsp;<\/p>\n\n\n\n<p>Para conhecer mais do produto, basta clicar <a href=\"https:\/\/splitvent.com.br\/\">aqui<\/a><\/p>\n\n\n\n<p>A Sicflux se preocupa em cuidar da sua sa\u00fade. Por isso, conta com uma equipe de profissionais altamente qualificada para entregar as melhores solu\u00e7\u00f5es em renova\u00e7\u00e3o de ar para&nbsp;ambientes&nbsp;internos. Al\u00e9m de produtos certificados e garantia de qualidade. Quer tornar o seu ambiente mais saud\u00e1vel e com a renova\u00e7\u00e3o de ar que necessita? Venha conversar com um de nossos especialistas.<\/p>\n\n\n\n<p><a href=\"https:\/\/sicflux.minhalojanouol.com.br\/\">Acesse nossa loja virtual!<\/a><\/p>\n","protected":false},"excerpt":{"rendered":"<p>N\u00e3o existem mais d\u00favidas de que o novo Coronav\u00edrus \u00e9 espalhado, principalmente, por part\u00edculas exaladas por pacientes infectados. E, levando esse fator em considera\u00e7\u00e3o, devemos tamb\u00e9m pensar na import\u00e2ncia da ventila\u00e7\u00e3o de ambientes internos no&#8230;<\/p>\n","protected":false},"author":1,"featured_media":0,"comment_status":"open","ping_status":"open","sticky":true,"template":"","format":"standard","meta":{"_acf_changed":false,"footnotes":""},"categories":[51,1],"tags":[],"class_list":["post-940","post","type-post","status-publish","format-standard","hentry","category-renovacao-do-ar","category-sem-categoria"],"acf":[],"yoast_head":"<!-- This site is optimized with the Yoast SEO plugin v24.0 - https:\/\/yoast.com\/wordpress\/plugins\/seo\/ -->\n<title>Import\u00e2ncia da ventila\u00e7\u00e3o de ambientes internos no combate ao Coronav\u00edrus - Sicflux<\/title>\n<meta name=\"description\" content=\"O Coronav\u00edrus \u00e9 espalhado, principalmente, por part\u00edculas exaladas por pacientes infectados. E, levando esse fator em considera\u00e7\u00e3o, devemos tamb\u00e9m pensar na import\u00e2ncia da ventila\u00e7\u00e3o de ambientes internos no combate ao Coronav\u00edrus.\" \/>\n<meta name=\"robots\" content=\"index, follow, max-snippet:-1, max-image-preview:large, max-video-preview:-1\" \/>\n<link rel=\"canonical\" href=\"https:\/\/sicflux.com.br\/blog\/importancia-da-ventilacao-de-ambientes-internos-no-combate-ao-coronavirus\/\" \/>\n<meta property=\"og:locale\" content=\"pt_BR\" \/>\n<meta property=\"og:type\" content=\"article\" \/>\n<meta property=\"og:title\" content=\"Import\u00e2ncia da ventila\u00e7\u00e3o de ambientes internos no combate ao Coronav\u00edrus - Sicflux\" \/>\n<meta property=\"og:description\" content=\"O Coronav\u00edrus \u00e9 espalhado, principalmente, por part\u00edculas exaladas por pacientes infectados. E, levando esse fator em considera\u00e7\u00e3o, devemos tamb\u00e9m pensar na import\u00e2ncia da ventila\u00e7\u00e3o de ambientes internos no combate ao Coronav\u00edrus.\" \/>\n<meta property=\"og:url\" content=\"https:\/\/sicflux.com.br\/blog\/importancia-da-ventilacao-de-ambientes-internos-no-combate-ao-coronavirus\/\" \/>\n<meta property=\"og:site_name\" content=\"Sicflux\" \/>\n<meta property=\"article:publisher\" content=\"https:\/\/www.facebook.com\/sicflux.profissional\/\" \/>\n<meta property=\"article:published_time\" content=\"2020-11-18T16:38:57+00:00\" \/>\n<meta property=\"article:modified_time\" content=\"2024-10-11T13:42:06+00:00\" \/>\n<meta property=\"og:image\" content=\"https:\/\/sicflux.com.br\/blog\/wp-content\/uploads\/2019\/09\/logo-sicflux-1.png\" \/>\n\t<meta property=\"og:image:width\" content=\"600\" \/>\n\t<meta property=\"og:image:height\" content=\"169\" \/>\n\t<meta property=\"og:image:type\" content=\"image\/png\" \/>\n<meta name=\"author\" content=\"Sicflux Brasil\" \/>\n<meta name=\"twitter:card\" content=\"summary_large_image\" \/>\n<meta name=\"twitter:label1\" content=\"Escrito por\" \/>\n\t<meta name=\"twitter:data1\" content=\"Sicflux Brasil\" \/>\n\t<meta name=\"twitter:label2\" content=\"Est. tempo de leitura\" \/>\n\t<meta name=\"twitter:data2\" content=\"3 minutos\" \/>\n<script type=\"application\/ld+json\" class=\"yoast-schema-graph\">{\"@context\":\"https:\/\/schema.org\",\"@graph\":[{\"@type\":\"Article\",\"@id\":\"https:\/\/sicflux.com.br\/blog\/importancia-da-ventilacao-de-ambientes-internos-no-combate-ao-coronavirus\/#article\",\"isPartOf\":{\"@id\":\"https:\/\/sicflux.com.br\/blog\/importancia-da-ventilacao-de-ambientes-internos-no-combate-ao-coronavirus\/\"},\"author\":{\"name\":\"Sicflux Brasil\",\"@id\":\"https:\/\/sicflux.com.br\/#\/schema\/person\/b0991863a2071fab9bb9cc7a546e04e0\"},\"headline\":\"Import\u00e2ncia da ventila\u00e7\u00e3o de ambientes internos no combate ao Coronav\u00edrus\",\"datePublished\":\"2020-11-18T16:38:57+00:00\",\"dateModified\":\"2024-10-11T13:42:06+00:00\",\"mainEntityOfPage\":{\"@id\":\"https:\/\/sicflux.com.br\/blog\/importancia-da-ventilacao-de-ambientes-internos-no-combate-ao-coronavirus\/\"},\"wordCount\":740,\"commentCount\":0,\"publisher\":{\"@id\":\"https:\/\/sicflux.com.br\/#organization\"},\"articleSection\":[\"Renova\u00e7\u00e3o do ar\"],\"inLanguage\":\"pt-BR\",\"potentialAction\":[{\"@type\":\"CommentAction\",\"name\":\"Comment\",\"target\":[\"https:\/\/sicflux.com.br\/blog\/importancia-da-ventilacao-de-ambientes-internos-no-combate-ao-coronavirus\/#respond\"]}]},{\"@type\":\"WebPage\",\"@id\":\"https:\/\/sicflux.com.br\/blog\/importancia-da-ventilacao-de-ambientes-internos-no-combate-ao-coronavirus\/\",\"url\":\"https:\/\/sicflux.com.br\/blog\/importancia-da-ventilacao-de-ambientes-internos-no-combate-ao-coronavirus\/\",\"name\":\"Import\u00e2ncia da ventila\u00e7\u00e3o de ambientes internos no combate ao Coronav\u00edrus - Sicflux\",\"isPartOf\":{\"@id\":\"https:\/\/sicflux.com.br\/#website\"},\"datePublished\":\"2020-11-18T16:38:57+00:00\",\"dateModified\":\"2024-10-11T13:42:06+00:00\",\"description\":\"O Coronav\u00edrus \u00e9 espalhado, principalmente, por part\u00edculas exaladas por pacientes infectados. E, levando esse fator em considera\u00e7\u00e3o, devemos tamb\u00e9m pensar na import\u00e2ncia da ventila\u00e7\u00e3o de ambientes internos no combate ao Coronav\u00edrus.\",\"breadcrumb\":{\"@id\":\"https:\/\/sicflux.com.br\/blog\/importancia-da-ventilacao-de-ambientes-internos-no-combate-ao-coronavirus\/#breadcrumb\"},\"inLanguage\":\"pt-BR\",\"potentialAction\":[{\"@type\":\"ReadAction\",\"target\":[\"https:\/\/sicflux.com.br\/blog\/importancia-da-ventilacao-de-ambientes-internos-no-combate-ao-coronavirus\/\"]}]},{\"@type\":\"BreadcrumbList\",\"@id\":\"https:\/\/sicflux.com.br\/blog\/importancia-da-ventilacao-de-ambientes-internos-no-combate-ao-coronavirus\/#breadcrumb\",\"itemListElement\":[{\"@type\":\"ListItem\",\"position\":1,\"name\":\"In\u00edcio\",\"item\":\"https:\/\/sicflux.com.br\/\"},{\"@type\":\"ListItem\",\"position\":2,\"name\":\"Import\u00e2ncia da ventila\u00e7\u00e3o de ambientes internos no combate ao Coronav\u00edrus\"}]},{\"@type\":\"WebSite\",\"@id\":\"https:\/\/sicflux.com.br\/#website\",\"url\":\"https:\/\/sicflux.com.br\/\",\"name\":\"Sicflux Brasil\",\"description\":\"Ar em movimento\",\"publisher\":{\"@id\":\"https:\/\/sicflux.com.br\/#organization\"},\"alternateName\":\"Sicflux Brasil\",\"potentialAction\":[{\"@type\":\"SearchAction\",\"target\":{\"@type\":\"EntryPoint\",\"urlTemplate\":\"https:\/\/sicflux.com.br\/?s={search_term_string}\"},\"query-input\":{\"@type\":\"PropertyValueSpecification\",\"valueRequired\":true,\"valueName\":\"search_term_string\"}}],\"inLanguage\":\"pt-BR\"},{\"@type\":\"Organization\",\"@id\":\"https:\/\/sicflux.com.br\/#organization\",\"name\":\"Sicflux Brasil\",\"alternateName\":\"Sicflux Brasil\",\"url\":\"https:\/\/sicflux.com.br\/\",\"logo\":{\"@type\":\"ImageObject\",\"inLanguage\":\"pt-BR\",\"@id\":\"https:\/\/sicflux.com.br\/#\/schema\/logo\/image\/\",\"url\":\"https:\/\/sicflux.com.br\/blog\/wp-content\/uploads\/2019\/09\/logo-sicflux-1.png\",\"contentUrl\":\"https:\/\/sicflux.com.br\/blog\/wp-content\/uploads\/2019\/09\/logo-sicflux-1.png\",\"width\":600,\"height\":169,\"caption\":\"Sicflux Brasil\"},\"image\":{\"@id\":\"https:\/\/sicflux.com.br\/#\/schema\/logo\/image\/\"},\"sameAs\":[\"https:\/\/www.facebook.com\/sicflux.profissional\/\",\"https:\/\/www.instagram.com\/sicflux\/\",\"https:\/\/www.linkedin.com\/company\/sicflux\/\"]},{\"@type\":\"Person\",\"@id\":\"https:\/\/sicflux.com.br\/#\/schema\/person\/b0991863a2071fab9bb9cc7a546e04e0\",\"name\":\"Sicflux Brasil\",\"image\":{\"@type\":\"ImageObject\",\"inLanguage\":\"pt-BR\",\"@id\":\"https:\/\/sicflux.com.br\/#\/schema\/person\/image\/\",\"url\":\"https:\/\/secure.gravatar.com\/avatar\/27089a835d9c4ab26557590e093588b0?s=96&d=mm&r=g\",\"contentUrl\":\"https:\/\/secure.gravatar.com\/avatar\/27089a835d9c4ab26557590e093588b0?s=96&d=mm&r=g\",\"caption\":\"Sicflux Brasil\"}}]}<\/script>\n<!-- \/ Yoast SEO plugin. -->","yoast_head_json":{"title":"Import\u00e2ncia da ventila\u00e7\u00e3o de ambientes internos no combate ao Coronav\u00edrus - Sicflux","description":"O Coronav\u00edrus \u00e9 espalhado, principalmente, por part\u00edculas exaladas por pacientes infectados. E, levando esse fator em considera\u00e7\u00e3o, devemos tamb\u00e9m pensar na import\u00e2ncia da ventila\u00e7\u00e3o de ambientes internos no combate ao Coronav\u00edrus.","robots":{"index":"index","follow":"follow","max-snippet":"max-snippet:-1","max-image-preview":"max-image-preview:large","max-video-preview":"max-video-preview:-1"},"canonical":"https:\/\/sicflux.com.br\/blog\/importancia-da-ventilacao-de-ambientes-internos-no-combate-ao-coronavirus\/","og_locale":"pt_BR","og_type":"article","og_title":"Import\u00e2ncia da ventila\u00e7\u00e3o de ambientes internos no combate ao Coronav\u00edrus - Sicflux","og_description":"O Coronav\u00edrus \u00e9 espalhado, principalmente, por part\u00edculas exaladas por pacientes infectados. E, levando esse fator em considera\u00e7\u00e3o, devemos tamb\u00e9m pensar na import\u00e2ncia da ventila\u00e7\u00e3o de ambientes internos no combate ao Coronav\u00edrus.","og_url":"https:\/\/sicflux.com.br\/blog\/importancia-da-ventilacao-de-ambientes-internos-no-combate-ao-coronavirus\/","og_site_name":"Sicflux","article_publisher":"https:\/\/www.facebook.com\/sicflux.profissional\/","article_published_time":"2020-11-18T16:38:57+00:00","article_modified_time":"2024-10-11T13:42:06+00:00","og_image":[{"width":600,"height":169,"url":"https:\/\/sicflux.com.br\/blog\/wp-content\/uploads\/2019\/09\/logo-sicflux-1.png","type":"image\/png"}],"author":"Sicflux Brasil","twitter_card":"summary_large_image","twitter_misc":{"Escrito por":"Sicflux Brasil","Est. tempo de leitura":"3 minutos"},"schema":{"@context":"https:\/\/schema.org","@graph":[{"@type":"Article","@id":"https:\/\/sicflux.com.br\/blog\/importancia-da-ventilacao-de-ambientes-internos-no-combate-ao-coronavirus\/#article","isPartOf":{"@id":"https:\/\/sicflux.com.br\/blog\/importancia-da-ventilacao-de-ambientes-internos-no-combate-ao-coronavirus\/"},"author":{"name":"Sicflux Brasil","@id":"https:\/\/sicflux.com.br\/#\/schema\/person\/b0991863a2071fab9bb9cc7a546e04e0"},"headline":"Import\u00e2ncia da ventila\u00e7\u00e3o de ambientes internos no combate ao Coronav\u00edrus","datePublished":"2020-11-18T16:38:57+00:00","dateModified":"2024-10-11T13:42:06+00:00","mainEntityOfPage":{"@id":"https:\/\/sicflux.com.br\/blog\/importancia-da-ventilacao-de-ambientes-internos-no-combate-ao-coronavirus\/"},"wordCount":740,"commentCount":0,"publisher":{"@id":"https:\/\/sicflux.com.br\/#organization"},"articleSection":["Renova\u00e7\u00e3o do ar"],"inLanguage":"pt-BR","potentialAction":[{"@type":"CommentAction","name":"Comment","target":["https:\/\/sicflux.com.br\/blog\/importancia-da-ventilacao-de-ambientes-internos-no-combate-ao-coronavirus\/#respond"]}]},{"@type":"WebPage","@id":"https:\/\/sicflux.com.br\/blog\/importancia-da-ventilacao-de-ambientes-internos-no-combate-ao-coronavirus\/","url":"https:\/\/sicflux.com.br\/blog\/importancia-da-ventilacao-de-ambientes-internos-no-combate-ao-coronavirus\/","name":"Import\u00e2ncia da ventila\u00e7\u00e3o de ambientes internos no combate ao Coronav\u00edrus - Sicflux","isPartOf":{"@id":"https:\/\/sicflux.com.br\/#website"},"datePublished":"2020-11-18T16:38:57+00:00","dateModified":"2024-10-11T13:42:06+00:00","description":"O Coronav\u00edrus \u00e9 espalhado, principalmente, por part\u00edculas exaladas por pacientes infectados. E, levando esse fator em considera\u00e7\u00e3o, devemos tamb\u00e9m pensar na import\u00e2ncia da ventila\u00e7\u00e3o de ambientes internos no combate ao Coronav\u00edrus.","breadcrumb":{"@id":"https:\/\/sicflux.com.br\/blog\/importancia-da-ventilacao-de-ambientes-internos-no-combate-ao-coronavirus\/#breadcrumb"},"inLanguage":"pt-BR","potentialAction":[{"@type":"ReadAction","target":["https:\/\/sicflux.com.br\/blog\/importancia-da-ventilacao-de-ambientes-internos-no-combate-ao-coronavirus\/"]}]},{"@type":"BreadcrumbList","@id":"https:\/\/sicflux.com.br\/blog\/importancia-da-ventilacao-de-ambientes-internos-no-combate-ao-coronavirus\/#breadcrumb","itemListElement":[{"@type":"ListItem","position":1,"name":"In\u00edcio","item":"https:\/\/sicflux.com.br\/"},{"@type":"ListItem","position":2,"name":"Import\u00e2ncia da ventila\u00e7\u00e3o de ambientes internos no combate ao Coronav\u00edrus"}]},{"@type":"WebSite","@id":"https:\/\/sicflux.com.br\/#website","url":"https:\/\/sicflux.com.br\/","name":"Sicflux Brasil","description":"Ar em movimento","publisher":{"@id":"https:\/\/sicflux.com.br\/#organization"},"alternateName":"Sicflux Brasil","potentialAction":[{"@type":"SearchAction","target":{"@type":"EntryPoint","urlTemplate":"https:\/\/sicflux.com.br\/?s={search_term_string}"},"query-input":{"@type":"PropertyValueSpecification","valueRequired":true,"valueName":"search_term_string"}}],"inLanguage":"pt-BR"},{"@type":"Organization","@id":"https:\/\/sicflux.com.br\/#organization","name":"Sicflux Brasil","alternateName":"Sicflux Brasil","url":"https:\/\/sicflux.com.br\/","logo":{"@type":"ImageObject","inLanguage":"pt-BR","@id":"https:\/\/sicflux.com.br\/#\/schema\/logo\/image\/","url":"https:\/\/sicflux.com.br\/blog\/wp-content\/uploads\/2019\/09\/logo-sicflux-1.png","contentUrl":"https:\/\/sicflux.com.br\/blog\/wp-content\/uploads\/2019\/09\/logo-sicflux-1.png","width":600,"height":169,"caption":"Sicflux Brasil"},"image":{"@id":"https:\/\/sicflux.com.br\/#\/schema\/logo\/image\/"},"sameAs":["https:\/\/www.facebook.com\/sicflux.profissional\/","https:\/\/www.instagram.com\/sicflux\/","https:\/\/www.linkedin.com\/company\/sicflux\/"]},{"@type":"Person","@id":"https:\/\/sicflux.com.br\/#\/schema\/person\/b0991863a2071fab9bb9cc7a546e04e0","name":"Sicflux Brasil","image":{"@type":"ImageObject","inLanguage":"pt-BR","@id":"https:\/\/sicflux.com.br\/#\/schema\/person\/image\/","url":"https:\/\/secure.gravatar.com\/avatar\/27089a835d9c4ab26557590e093588b0?s=96&d=mm&r=g","contentUrl":"https:\/\/secure.gravatar.com\/avatar\/27089a835d9c4ab26557590e093588b0?s=96&d=mm&r=g","caption":"Sicflux Brasil"}}]}},"_links":{"self":[{"href":"https:\/\/sicflux.com.br\/blog\/wp-json\/wp\/v2\/posts\/940","targetHints":{"allow":["GET"]}}],"collection":[{"href":"https:\/\/sicflux.com.br\/blog\/wp-json\/wp\/v2\/posts"}],"about":[{"href":"https:\/\/sicflux.com.br\/blog\/wp-json\/wp\/v2\/types\/post"}],"author":[{"embeddable":true,"href":"https:\/\/sicflux.com.br\/blog\/wp-json\/wp\/v2\/users\/1"}],"replies":[{"embeddable":true,"href":"https:\/\/sicflux.com.br\/blog\/wp-json\/wp\/v2\/comments?post=940"}],"version-history":[{"count":0,"href":"https:\/\/sicflux.com.br\/blog\/wp-json\/wp\/v2\/posts\/940\/revisions"}],"wp:attachment":[{"href":"https:\/\/sicflux.com.br\/blog\/wp-json\/wp\/v2\/media?parent=940"}],"wp:term":[{"taxonomy":"category","embeddable":true,"href":"https:\/\/sicflux.com.br\/blog\/wp-json\/wp\/v2\/categories?post=940"},{"taxonomy":"post_tag","embeddable":true,"href":"https:\/\/sicflux.com.br\/blog\/wp-json\/wp\/v2\/tags?post=940"}],"curies":[{"name":"wp","href":"https:\/\/api.w.org\/{rel}","templated":true}]}}